{"id":4304,"date":"2023-05-17T21:16:32","date_gmt":"2023-05-17T19:16:32","guid":{"rendered":"https:\/\/tcnarbonne.org\/?p=4304"},"modified":"2023-06-17T14:10:16","modified_gmt":"2023-06-17T12:10:16","slug":"dites-non-a-tdn-dorano-malvesi-enquete-publique-15-jours-seulement","status":"publish","type":"post","link":"https:\/\/tcnarbonne.org\/index.php\/dites-non-a-tdn-dorano-malvesi-enquete-publique-15-jours-seulement\/17\/05\/2023\/","title":{"rendered":"Dites NON \u00e0 TDN d&#8217;ORANO MALVESI-ENQUETE PUBLIQUE-15 JOURS SEULEMENT"},"content":{"rendered":"\n\n\n<p>&nbsp;<\/p>\n<p>&nbsp;<\/p>\n\n\n\n<h1 style=\"text-align: center;\">C&#8217;est le moment de se mobiliser contre ce projet qui va mettre en p\u00e9ril votre sant\u00e9 et celle de vos enfants !<\/h1>\n<h1 style=\"text-align: center;\">Citoyennes et citoyens de la Narbonnaise, indignez-vous !<\/h1>\n<h2 style=\"text-align: center;\"><a href=\"https:\/\/www.registre-dematerialise.fr\/4599\/\">Cliquez sur le lien ci-dessous et exprimez vous !<\/a><\/h2>\n<p style=\"text-align: center;\"><a href=\"https:\/\/www.registre-dematerialise.fr\/4599\/\">https:\/\/www.registre-dematerialise.fr\/4599\/<\/a><\/p>\n<p><a href=\"https:\/\/www.registre-dematerialise.fr\/4599\/\"><img loading=\"lazy\" decoding=\"async\" class=\"aligncenter size-full wp-image-4306\" src=\"https:\/\/tcnarbonne.org\/wp-content\/uploads\/2023\/05\/unnamed-file.png\" alt=\"\" width=\"2000\" height=\"1600\" srcset=\"https:\/\/tcnarbonne.org\/wp-content\/uploads\/2023\/05\/unnamed-file.png 2000w, https:\/\/tcnarbonne.org\/wp-content\/uploads\/2023\/05\/unnamed-file-300x240.png 300w, https:\/\/tcnarbonne.org\/wp-content\/uploads\/2023\/05\/unnamed-file-1024x819.png 1024w, https:\/\/tcnarbonne.org\/wp-content\/uploads\/2023\/05\/unnamed-file-768x614.png 768w, https:\/\/tcnarbonne.org\/wp-content\/uploads\/2023\/05\/unnamed-file-1536x1229.png 1536w, https:\/\/tcnarbonne.org\/wp-content\/uploads\/2023\/05\/unnamed-file-1320x1056.png 1320w\" sizes=\"(max-width: 2000px) 100vw, 2000px\" \/><\/a><\/p>\n<p>&nbsp;<\/p>\n<p>&nbsp;<\/p>\n<p>&nbsp;<\/p>\n","protected":false},"excerpt":{"rendered":"<p>&nbsp; &nbsp; C&#8217;est le moment de se mobiliser contre ce projet qui va mettre en p\u00e9ril votre sant\u00e9 et celle de vos enfants ! Citoyennes et citoyens de la Narbonnaise, indignez-vous ! Cliquez sur&#8230;<\/p>\n","protected":false},"author":1,"featured_media":4306,"comment_status":"closed","ping_status":"closed","sticky":false,"template":"","format":"standard","meta":{"ngg_post_thumbnail":0,"footnotes":""},"categories":[974,78,398,494,1014,166,55,834,692,613,80,976,4,500,540,556,7],"tags":[20,364,385,96,9,58,610],"yoast_head":"<!-- This site is optimized with the Yoast SEO plugin v21.1 - https:\/\/yoast.com\/wordpress\/plugins\/seo\/ -->\n<title>Dites NON \u00e0 TDN d&#039;ORANO MALVESI-ENQUETE PUBLIQUE-15 JOURS SEULEMENT - TCNA NARBONNE<\/title>\n<meta name=\"robots\" content=\"index, follow, max-snippet:-1, max-image-preview:large, max-video-preview:-1\" \/>\n<link rel=\"canonical\" href=\"https:\/\/tcnarbonne.org\/index.php\/dites-non-a-tdn-dorano-malvesi-enquete-publique-15-jours-seulement\/17\/05\/2023\/\" \/>\n<meta property=\"og:locale\" content=\"fr_FR\" \/>\n<meta property=\"og:type\" content=\"article\" \/>\n<meta property=\"og:title\" content=\"Dites NON \u00e0 TDN d&#039;ORANO MALVESI-ENQUETE PUBLIQUE-15 JOURS SEULEMENT - TCNA NARBONNE\" \/>\n<meta property=\"og:description\" content=\"&nbsp; &nbsp; C&#8217;est le moment de se mobiliser contre ce projet qui va mettre en p\u00e9ril votre sant\u00e9 et celle de vos enfants ! Citoyennes et citoyens de la Narbonnaise, indignez-vous ! Cliquez sur...\" \/>\n<meta property=\"og:url\" content=\"https:\/\/tcnarbonne.org\/index.php\/dites-non-a-tdn-dorano-malvesi-enquete-publique-15-jours-seulement\/17\/05\/2023\/\" \/>\n<meta property=\"og:site_name\" content=\"TCNA NARBONNE\" \/>\n<meta property=\"article:publisher\" content=\"https:\/\/www.facebook.com\/TCNA-Transparence-des-canaux-de-la-Narbonnaise-325260501232600\/\" \/>\n<meta property=\"article:published_time\" content=\"2023-05-17T19:16:32+00:00\" \/>\n<meta property=\"article:modified_time\" content=\"2023-06-17T12:10:16+00:00\" \/>\n<meta property=\"og:image\" content=\"https:\/\/tcnarbonne.org\/wp-content\/uploads\/2023\/05\/unnamed-file.png\" \/>\n\t<meta property=\"og:image:width\" content=\"2000\" \/>\n\t<meta property=\"og:image:height\" content=\"1600\" \/>\n\t<meta property=\"og:image:type\" content=\"image\/png\" \/>\n<meta name=\"author\" content=\"tcna\" \/>\n<meta name=\"twitter:card\" content=\"summary_large_image\" \/>\n<meta name=\"twitter:label1\" content=\"\u00c9crit par\" \/>\n\t<meta name=\"twitter:data1\" content=\"tcna\" \/>\n\t<meta name=\"twitter:label2\" content=\"Dur\u00e9e de lecture estim\u00e9e\" \/>\n\t<meta name=\"twitter:data2\" content=\"1 minute\" \/>\n<script type=\"application\/ld+json\" class=\"yoast-schema-graph\">{\"@context\":\"https:\/\/schema.org\",\"@graph\":[{\"@type\":\"Article\",\"@id\":\"https:\/\/tcnarbonne.org\/index.php\/dites-non-a-tdn-dorano-malvesi-enquete-publique-15-jours-seulement\/17\/05\/2023\/#article\",\"isPartOf\":{\"@id\":\"https:\/\/tcnarbonne.org\/index.php\/dites-non-a-tdn-dorano-malvesi-enquete-publique-15-jours-seulement\/17\/05\/2023\/\"},\"author\":{\"name\":\"tcna\",\"@id\":\"https:\/\/tcnarbonne.org\/#\/schema\/person\/ae9bc097d422ac157832c85b73102503\"},\"headline\":\"Dites NON \u00e0 TDN d&#8217;ORANO MALVESI-ENQUETE PUBLIQUE-15 JOURS SEULEMENT\",\"datePublished\":\"2023-05-17T19:16:32+00:00\",\"dateModified\":\"2023-06-17T12:10:16+00:00\",\"mainEntityOfPage\":{\"@id\":\"https:\/\/tcnarbonne.org\/index.php\/dites-non-a-tdn-dorano-malvesi-enquete-publique-15-jours-seulement\/17\/05\/2023\/\"},\"wordCount\":54,\"publisher\":{\"@id\":\"https:\/\/tcnarbonne.org\/#organization\"},\"keywords\":[\"aude\",\"cancers\",\"d\u00e9chets nucl\u00e9aires\",\"enquete publique\",\"narbonne\",\"nucleaire\",\"orano\"],\"articleSection\":[\"Actualit\u00e9s\",\"aude\",\"d\u00e9chets nucl\u00e9aires\",\"dossier sp\u00e9cial nucl\u00e9aire occitanie\",\"enquete publique\",\"grand narbonne\",\"ind\u00e9pendant\",\"industrie nucl\u00e9aire\",\"Justice\",\"orano malvesi\",\"pr\u00e9fecture\",\"purification uranium\",\"ressources\/documents\",\"sdn11\",\"steam reforming\",\"THOR\/TDN\",\"uranium\"],\"inLanguage\":\"fr-FR\"},{\"@type\":\"WebPage\",\"@id\":\"https:\/\/tcnarbonne.org\/index.php\/dites-non-a-tdn-dorano-malvesi-enquete-publique-15-jours-seulement\/17\/05\/2023\/\",\"url\":\"https:\/\/tcnarbonne.org\/index.php\/dites-non-a-tdn-dorano-malvesi-enquete-publique-15-jours-seulement\/17\/05\/2023\/\",\"name\":\"Dites NON \u00e0 TDN d'ORANO MALVESI-ENQUETE PUBLIQUE-15 JOURS SEULEMENT - TCNA NARBONNE\",\"isPartOf\":{\"@id\":\"https:\/\/tcnarbonne.org\/#website\"},\"datePublished\":\"2023-05-17T19:16:32+00:00\",\"dateModified\":\"2023-06-17T12:10:16+00:00\",\"breadcrumb\":{\"@id\":\"https:\/\/tcnarbonne.org\/index.php\/dites-non-a-tdn-dorano-malvesi-enquete-publique-15-jours-seulement\/17\/05\/2023\/#breadcrumb\"},\"inLanguage\":\"fr-FR\",\"potentialAction\":[{\"@type\":\"ReadAction\",\"target\":[\"https:\/\/tcnarbonne.org\/index.php\/dites-non-a-tdn-dorano-malvesi-enquete-publique-15-jours-seulement\/17\/05\/2023\/\"]}]},{\"@type\":\"BreadcrumbList\",\"@id\":\"https:\/\/tcnarbonne.org\/index.php\/dites-non-a-tdn-dorano-malvesi-enquete-publique-15-jours-seulement\/17\/05\/2023\/#breadcrumb\",\"itemListElement\":[{\"@type\":\"ListItem\",\"position\":1,\"name\":\"Accueil\",\"item\":\"https:\/\/tcnarbonne.org\/\"},{\"@type\":\"ListItem\",\"position\":2,\"name\":\"Dites NON \u00e0 TDN d&#8217;ORANO MALVESI-ENQUETE PUBLIQUE-15 JOURS SEULEMENT\"}]},{\"@type\":\"WebSite\",\"@id\":\"https:\/\/tcnarbonne.org\/#website\",\"url\":\"https:\/\/tcnarbonne.org\/\",\"name\":\"www.https:\/\/tcnarbonne.org\/\",\"description\":\"Transparence des canaux de la narbonnaise\",\"publisher\":{\"@id\":\"https:\/\/tcnarbonne.org\/#organization\"},\"potentialAction\":[{\"@type\":\"SearchAction\",\"target\":{\"@type\":\"EntryPoint\",\"urlTemplate\":\"https:\/\/tcnarbonne.org\/?s={search_term_string}\"},\"query-input\":\"required name=search_term_string\"}],\"inLanguage\":\"fr-FR\"},{\"@type\":\"Organization\",\"@id\":\"https:\/\/tcnarbonne.org\/#organization\",\"name\":\"www.https:\/\/tcnarbonne.org\/\",\"url\":\"https:\/\/tcnarbonne.org\/\",\"logo\":{\"@type\":\"ImageObject\",\"inLanguage\":\"fr-FR\",\"@id\":\"https:\/\/tcnarbonne.org\/#\/schema\/logo\/image\/\",\"url\":\"https:\/\/tcnarbonne.org\/wp-content\/uploads\/2021\/02\/cropped-logo-TCNA-blanc-1-1.png\",\"contentUrl\":\"https:\/\/tcnarbonne.org\/wp-content\/uploads\/2021\/02\/cropped-logo-TCNA-blanc-1-1.png\",\"width\":306,\"height\":202,\"caption\":\"www.https:\/\/tcnarbonne.org\/\"},\"image\":{\"@id\":\"https:\/\/tcnarbonne.org\/#\/schema\/logo\/image\/\"},\"sameAs\":[\"https:\/\/www.facebook.com\/TCNA-Transparence-des-canaux-de-la-Narbonnaise-325260501232600\/\"]},{\"@type\":\"Person\",\"@id\":\"https:\/\/tcnarbonne.org\/#\/schema\/person\/ae9bc097d422ac157832c85b73102503\",\"name\":\"tcna\",\"image\":{\"@type\":\"ImageObject\",\"inLanguage\":\"fr-FR\",\"@id\":\"https:\/\/tcnarbonne.org\/#\/schema\/person\/image\/\",\"url\":\"https:\/\/secure.gravatar.com\/avatar\/7ed4bba3d6da4ba63526b5317d6ccf26?s=96&d=mm&r=g\",\"contentUrl\":\"https:\/\/secure.gravatar.com\/avatar\/7ed4bba3d6da4ba63526b5317d6ccf26?s=96&d=mm&r=g\",\"caption\":\"tcna\"}}]}<\/script>\n<!-- \/ Yoast SEO plugin. -->","yoast_head_json":{"title":"Dites NON \u00e0 TDN d'ORANO MALVESI-ENQUETE PUBLIQUE-15 JOURS SEULEMENT - TCNA NARBONNE","robots":{"index":"index","follow":"follow","max-snippet":"max-snippet:-1","max-image-preview":"max-image-preview:large","max-video-preview":"max-video-preview:-1"},"canonical":"https:\/\/tcnarbonne.org\/index.php\/dites-non-a-tdn-dorano-malvesi-enquete-publique-15-jours-seulement\/17\/05\/2023\/","og_locale":"fr_FR","og_type":"article","og_title":"Dites NON \u00e0 TDN d'ORANO MALVESI-ENQUETE PUBLIQUE-15 JOURS SEULEMENT - TCNA NARBONNE","og_description":"&nbsp; &nbsp; C&#8217;est le moment de se mobiliser contre ce projet qui va mettre en p\u00e9ril votre sant\u00e9 et celle de vos enfants ! Citoyennes et citoyens de la Narbonnaise, indignez-vous ! Cliquez sur...","og_url":"https:\/\/tcnarbonne.org\/index.php\/dites-non-a-tdn-dorano-malvesi-enquete-publique-15-jours-seulement\/17\/05\/2023\/","og_site_name":"TCNA NARBONNE","article_publisher":"https:\/\/www.facebook.com\/TCNA-Transparence-des-canaux-de-la-Narbonnaise-325260501232600\/","article_published_time":"2023-05-17T19:16:32+00:00","article_modified_time":"2023-06-17T12:10:16+00:00","og_image":[{"width":2000,"height":1600,"url":"https:\/\/tcnarbonne.org\/wp-content\/uploads\/2023\/05\/unnamed-file.png","type":"image\/png"}],"author":"tcna","twitter_card":"summary_large_image","twitter_misc":{"\u00c9crit par":"tcna","Dur\u00e9e de lecture estim\u00e9e":"1 minute"},"schema":{"@context":"https:\/\/schema.org","@graph":[{"@type":"Article","@id":"https:\/\/tcnarbonne.org\/index.php\/dites-non-a-tdn-dorano-malvesi-enquete-publique-15-jours-seulement\/17\/05\/2023\/#article","isPartOf":{"@id":"https:\/\/tcnarbonne.org\/index.php\/dites-non-a-tdn-dorano-malvesi-enquete-publique-15-jours-seulement\/17\/05\/2023\/"},"author":{"name":"tcna","@id":"https:\/\/tcnarbonne.org\/#\/schema\/person\/ae9bc097d422ac157832c85b73102503"},"headline":"Dites NON \u00e0 TDN d&#8217;ORANO MALVESI-ENQUETE PUBLIQUE-15 JOURS SEULEMENT","datePublished":"2023-05-17T19:16:32+00:00","dateModified":"2023-06-17T12:10:16+00:00","mainEntityOfPage":{"@id":"https:\/\/tcnarbonne.org\/index.php\/dites-non-a-tdn-dorano-malvesi-enquete-publique-15-jours-seulement\/17\/05\/2023\/"},"wordCount":54,"publisher":{"@id":"https:\/\/tcnarbonne.org\/#organization"},"keywords":["aude","cancers","d\u00e9chets nucl\u00e9aires","enquete publique","narbonne","nucleaire","orano"],"articleSection":["Actualit\u00e9s","aude","d\u00e9chets nucl\u00e9aires","dossier sp\u00e9cial nucl\u00e9aire occitanie","enquete publique","grand narbonne","ind\u00e9pendant","industrie nucl\u00e9aire","Justice","orano malvesi","pr\u00e9fecture","purification uranium","ressources\/documents","sdn11","steam reforming","THOR\/TDN","uranium"],"inLanguage":"fr-FR"},{"@type":"WebPage","@id":"https:\/\/tcnarbonne.org\/index.php\/dites-non-a-tdn-dorano-malvesi-enquete-publique-15-jours-seulement\/17\/05\/2023\/","url":"https:\/\/tcnarbonne.org\/index.php\/dites-non-a-tdn-dorano-malvesi-enquete-publique-15-jours-seulement\/17\/05\/2023\/","name":"Dites NON \u00e0 TDN d'ORANO MALVESI-ENQUETE PUBLIQUE-15 JOURS SEULEMENT - TCNA NARBONNE","isPartOf":{"@id":"https:\/\/tcnarbonne.org\/#website"},"datePublished":"2023-05-17T19:16:32+00:00","dateModified":"2023-06-17T12:10:16+00:00","breadcrumb":{"@id":"https:\/\/tcnarbonne.org\/index.php\/dites-non-a-tdn-dorano-malvesi-enquete-publique-15-jours-seulement\/17\/05\/2023\/#breadcrumb"},"inLanguage":"fr-FR","potentialAction":[{"@type":"ReadAction","target":["https:\/\/tcnarbonne.org\/index.php\/dites-non-a-tdn-dorano-malvesi-enquete-publique-15-jours-seulement\/17\/05\/2023\/"]}]},{"@type":"BreadcrumbList","@id":"https:\/\/tcnarbonne.org\/index.php\/dites-non-a-tdn-dorano-malvesi-enquete-publique-15-jours-seulement\/17\/05\/2023\/#breadcrumb","itemListElement":[{"@type":"ListItem","position":1,"name":"Accueil","item":"https:\/\/tcnarbonne.org\/"},{"@type":"ListItem","position":2,"name":"Dites NON \u00e0 TDN d&#8217;ORANO MALVESI-ENQUETE PUBLIQUE-15 JOURS SEULEMENT"}]},{"@type":"WebSite","@id":"https:\/\/tcnarbonne.org\/#website","url":"https:\/\/tcnarbonne.org\/","name":"www.https:\/\/tcnarbonne.org\/","description":"Transparence des canaux de la narbonnaise","publisher":{"@id":"https:\/\/tcnarbonne.org\/#organization"},"potentialAction":[{"@type":"SearchAction","target":{"@type":"EntryPoint","urlTemplate":"https:\/\/tcnarbonne.org\/?s={search_term_string}"},"query-input":"required name=search_term_string"}],"inLanguage":"fr-FR"},{"@type":"Organization","@id":"https:\/\/tcnarbonne.org\/#organization","name":"www.https:\/\/tcnarbonne.org\/","url":"https:\/\/tcnarbonne.org\/","logo":{"@type":"ImageObject","inLanguage":"fr-FR","@id":"https:\/\/tcnarbonne.org\/#\/schema\/logo\/image\/","url":"https:\/\/tcnarbonne.org\/wp-content\/uploads\/2021\/02\/cropped-logo-TCNA-blanc-1-1.png","contentUrl":"https:\/\/tcnarbonne.org\/wp-content\/uploads\/2021\/02\/cropped-logo-TCNA-blanc-1-1.png","width":306,"height":202,"caption":"www.https:\/\/tcnarbonne.org\/"},"image":{"@id":"https:\/\/tcnarbonne.org\/#\/schema\/logo\/image\/"},"sameAs":["https:\/\/www.facebook.com\/TCNA-Transparence-des-canaux-de-la-Narbonnaise-325260501232600\/"]},{"@type":"Person","@id":"https:\/\/tcnarbonne.org\/#\/schema\/person\/ae9bc097d422ac157832c85b73102503","name":"tcna","image":{"@type":"ImageObject","inLanguage":"fr-FR","@id":"https:\/\/tcnarbonne.org\/#\/schema\/person\/image\/","url":"https:\/\/secure.gravatar.com\/avatar\/7ed4bba3d6da4ba63526b5317d6ccf26?s=96&d=mm&r=g","contentUrl":"https:\/\/secure.gravatar.com\/avatar\/7ed4bba3d6da4ba63526b5317d6ccf26?s=96&d=mm&r=g","caption":"tcna"}}]}},"_links":{"self":[{"href":"https:\/\/tcnarbonne.org\/index.php\/wp-json\/wp\/v2\/posts\/4304"}],"collection":[{"href":"https:\/\/tcnarbonne.org\/index.php\/wp-json\/wp\/v2\/posts"}],"about":[{"href":"https:\/\/tcnarbonne.org\/index.php\/wp-json\/wp\/v2\/types\/post"}],"author":[{"embeddable":true,"href":"https:\/\/tcnarbonne.org\/index.php\/wp-json\/wp\/v2\/users\/1"}],"replies":[{"embeddable":true,"href":"https:\/\/tcnarbonne.org\/index.php\/wp-json\/wp\/v2\/comments?post=4304"}],"version-history":[{"count":5,"href":"https:\/\/tcnarbonne.org\/index.php\/wp-json\/wp\/v2\/posts\/4304\/revisions"}],"predecessor-version":[{"id":4310,"href":"https:\/\/tcnarbonne.org\/index.php\/wp-json\/wp\/v2\/posts\/4304\/revisions\/4310"}],"wp:featuredmedia":[{"embeddable":true,"href":"https:\/\/tcnarbonne.org\/index.php\/wp-json\/wp\/v2\/media\/4306"}],"wp:attachment":[{"href":"https:\/\/tcnarbonne.org\/index.php\/wp-json\/wp\/v2\/media?parent=4304"}],"wp:term":[{"taxonomy":"category","embeddable":true,"href":"https:\/\/tcnarbonne.org\/index.php\/wp-json\/wp\/v2\/categories?post=4304"},{"taxonomy":"post_tag","embeddable":true,"href":"https:\/\/tcnarbonne.org\/index.php\/wp-json\/wp\/v2\/tags?post=4304"}],"curies":[{"name":"wp","href":"https:\/\/api.w.org\/{rel}","templated":true}]}}