{"id":4111,"date":"2021-11-05T15:15:09","date_gmt":"2021-11-05T14:15:09","guid":{"rendered":"https:\/\/tcnarbonne.org\/?p=4111"},"modified":"2021-11-06T11:27:43","modified_gmt":"2021-11-06T10:27:43","slug":"communique-de-la-societe-civile-darlit","status":"publish","type":"post","link":"https:\/\/tcnarbonne.org\/index.php\/communique-de-la-societe-civile-darlit\/05\/11\/2021\/","title":{"rendered":"Communiqu\u00e9 de la soci\u00e9t\u00e9 civile d&#8217;ARLIT"},"content":{"rendered":"\n<p>Dans le cadre de l&#8217;entente et du partenariat entre nos deux associations et suite \u00e0 l&#8217;arr\u00eat de la production d&#8217;uranium \u00e0 ARLIT, notre ami, Monsieur ALMOUSTAPHA ALHACEN, Pr\u00e9sident de l&#8217;association AGHIR IN\u2019MAN NIGER a souhait\u00e9 partager avec nos adh\u00e9rents et sympathisants ce communiqu\u00e9 datant du Samedi 23 Octobre 2021.<\/p>\n<p>Venant compl\u00e9ter le premier document envoy\u00e9 par notre ami d&#8217;Arlit, un arr\u00eat\u00e9 municipal de la commune interdisant l&#8217;action pacifique de protestation.<\/p>\n<p>Nous vous en souhaitons une bonne lecture.<\/p>\n<p><span style=\"text-decoration: underline;\">Cliquer sur le lien ci-dessous pour ouvrir le document PDF:<\/span><\/p>\n<ul>\n<li><span style=\"font-size: revert; color: initial; font-family: -apple-system, BlinkMacSystemFont, 'Segoe UI', Roboto, Oxygen-Sans, Ubuntu, Cantarell, 'Helvetica Neue', sans-serif;\"><a href=\"https:\/\/tcnarbonne.org\/wp-content\/uploads\/2021\/11\/Declaration-OSC-Arlit-fermeture-cominak-1.pdf\" class=\"pdfemb-viewer\" style=\"\" data-width=\"max\" data-height=\"max\" data-toolbar=\"bottom\" data-toolbar-fixed=\"off\">Declaration OSC Arlit fermeture cominak<\/a><\/span><\/li>\n<\/ul>\n<p><span style=\"text-decoration: underline;\">Arr\u00eat\u00e9 municipal interdisant la Marche Pacifique de Protestation sur le territoire communal d&#8217;Arlit pr\u00e9vue le 4 Novembre 2021<\/span><\/p>\n<ul>\n<li><span style=\"font-size: revert; color: initial; font-family: -apple-system, BlinkMacSystemFont, 'Segoe UI', Roboto, Oxygen-Sans, Ubuntu, Cantarell, 'Helvetica Neue', sans-serif;\"><a href=\"https:\/\/tcnarbonne.org\/wp-content\/uploads\/2021\/11\/CamScanner-11-05-2021-10.43.pdf\" class=\"pdfemb-viewer\" style=\"\" data-width=\"max\" data-height=\"max\" data-toolbar=\"bottom\" data-toolbar-fixed=\"off\">Interdiction manifestation<\/a><\/span><\/li>\n<\/ul>\n","protected":false},"excerpt":{"rendered":"<p>Dans le cadre de l&#8217;entente et du partenariat entre nos deux associations et suite \u00e0 l&#8217;arr\u00eat de la production d&#8217;uranium \u00e0 ARLIT, notre ami, Monsieur ALMOUSTAPHA ALHACEN, Pr\u00e9sident de l&#8217;association AGHIR IN\u2019MAN NIGER a&#8230;<\/p>\n","protected":false},"author":1,"featured_media":4115,"comment_status":"closed","ping_status":"closed","sticky":false,"template":"","format":"standard","meta":{"ngg_post_thumbnail":0,"footnotes":""},"categories":[974,5,988,383,494,637,989,834,609,4,7],"tags":[933,520,957,349,685,610,41,13,11],"yoast_head":"<!-- This site is optimized with the Yoast SEO plugin v21.1 - https:\/\/yoast.com\/wordpress\/plugins\/seo\/ -->\n<title>Communiqu\u00e9 de la soci\u00e9t\u00e9 civile d&#039;ARLIT - TCNA NARBONNE<\/title>\n<meta name=\"robots\" content=\"index, follow, max-snippet:-1, max-image-preview:large, max-video-preview:-1\" \/>\n<link rel=\"canonical\" href=\"https:\/\/tcnarbonne.org\/index.php\/communique-de-la-societe-civile-darlit\/05\/11\/2021\/\" \/>\n<meta property=\"og:locale\" content=\"fr_FR\" \/>\n<meta property=\"og:type\" content=\"article\" \/>\n<meta property=\"og:title\" content=\"Communiqu\u00e9 de la soci\u00e9t\u00e9 civile d&#039;ARLIT - TCNA NARBONNE\" \/>\n<meta property=\"og:description\" content=\"Dans le cadre de l&#8217;entente et du partenariat entre nos deux associations et suite \u00e0 l&#8217;arr\u00eat de la production d&#8217;uranium \u00e0 ARLIT, notre ami, Monsieur ALMOUSTAPHA ALHACEN, Pr\u00e9sident de l&#8217;association AGHIR IN\u2019MAN NIGER a...\" \/>\n<meta property=\"og:url\" content=\"https:\/\/tcnarbonne.org\/index.php\/communique-de-la-societe-civile-darlit\/05\/11\/2021\/\" \/>\n<meta property=\"og:site_name\" content=\"TCNA NARBONNE\" \/>\n<meta property=\"article:publisher\" content=\"https:\/\/www.facebook.com\/TCNA-Transparence-des-canaux-de-la-Narbonnaise-325260501232600\/\" \/>\n<meta property=\"article:published_time\" content=\"2021-11-05T14:15:09+00:00\" \/>\n<meta property=\"article:modified_time\" content=\"2021-11-06T10:27:43+00:00\" \/>\n<meta property=\"og:image\" content=\"https:\/\/tcnarbonne.org\/wp-content\/uploads\/2021\/11\/Capture-de\u0301cran-2021-11-05-a\u0300-15.14.47.png\" \/>\n\t<meta property=\"og:image:width\" content=\"645\" \/>\n\t<meta property=\"og:image:height\" content=\"521\" \/>\n\t<meta property=\"og:image:type\" content=\"image\/png\" \/>\n<meta name=\"author\" content=\"tcna\" \/>\n<meta name=\"twitter:card\" content=\"summary_large_image\" \/>\n<meta name=\"twitter:label1\" content=\"\u00c9crit par\" \/>\n\t<meta name=\"twitter:data1\" content=\"tcna\" \/>\n\t<meta name=\"twitter:label2\" content=\"Dur\u00e9e de lecture estim\u00e9e\" \/>\n\t<meta name=\"twitter:data2\" content=\"1 minute\" \/>\n<script type=\"application\/ld+json\" class=\"yoast-schema-graph\">{\"@context\":\"https:\/\/schema.org\",\"@graph\":[{\"@type\":\"Article\",\"@id\":\"https:\/\/tcnarbonne.org\/index.php\/communique-de-la-societe-civile-darlit\/05\/11\/2021\/#article\",\"isPartOf\":{\"@id\":\"https:\/\/tcnarbonne.org\/index.php\/communique-de-la-societe-civile-darlit\/05\/11\/2021\/\"},\"author\":{\"name\":\"tcna\",\"@id\":\"https:\/\/tcnarbonne.org\/#\/schema\/person\/ae9bc097d422ac157832c85b73102503\"},\"headline\":\"Communiqu\u00e9 de la soci\u00e9t\u00e9 civile d&#8217;ARLIT\",\"datePublished\":\"2021-11-05T14:15:09+00:00\",\"dateModified\":\"2021-11-06T10:27:43+00:00\",\"mainEntityOfPage\":{\"@id\":\"https:\/\/tcnarbonne.org\/index.php\/communique-de-la-societe-civile-darlit\/05\/11\/2021\/\"},\"wordCount\":144,\"publisher\":{\"@id\":\"https:\/\/tcnarbonne.org\/#organization\"},\"keywords\":[\"Almoustapha Alhacen\",\"arlit\",\"\u00e9nergie\",\"niger\",\"nucl\u00e9aire\",\"orano\",\"pollution\",\"radioactivit\u00e9\",\"uranium\"],\"articleSection\":[\"Actualit\u00e9s\",\"areva-comurhex\",\"cominak\",\"criirad\",\"dossier sp\u00e9cial nucl\u00e9aire occitanie\",\"France 5\",\"industrie mini\u00e8re\",\"industrie nucl\u00e9aire\",\"orano\",\"ressources\/documents\",\"uranium\"],\"inLanguage\":\"fr-FR\"},{\"@type\":\"WebPage\",\"@id\":\"https:\/\/tcnarbonne.org\/index.php\/communique-de-la-societe-civile-darlit\/05\/11\/2021\/\",\"url\":\"https:\/\/tcnarbonne.org\/index.php\/communique-de-la-societe-civile-darlit\/05\/11\/2021\/\",\"name\":\"Communiqu\u00e9 de la soci\u00e9t\u00e9 civile d'ARLIT - TCNA NARBONNE\",\"isPartOf\":{\"@id\":\"https:\/\/tcnarbonne.org\/#website\"},\"datePublished\":\"2021-11-05T14:15:09+00:00\",\"dateModified\":\"2021-11-06T10:27:43+00:00\",\"breadcrumb\":{\"@id\":\"https:\/\/tcnarbonne.org\/index.php\/communique-de-la-societe-civile-darlit\/05\/11\/2021\/#breadcrumb\"},\"inLanguage\":\"fr-FR\",\"potentialAction\":[{\"@type\":\"ReadAction\",\"target\":[\"https:\/\/tcnarbonne.org\/index.php\/communique-de-la-societe-civile-darlit\/05\/11\/2021\/\"]}]},{\"@type\":\"BreadcrumbList\",\"@id\":\"https:\/\/tcnarbonne.org\/index.php\/communique-de-la-societe-civile-darlit\/05\/11\/2021\/#breadcrumb\",\"itemListElement\":[{\"@type\":\"ListItem\",\"position\":1,\"name\":\"Accueil\",\"item\":\"https:\/\/tcnarbonne.org\/\"},{\"@type\":\"ListItem\",\"position\":2,\"name\":\"Communiqu\u00e9 de la soci\u00e9t\u00e9 civile d&#8217;ARLIT\"}]},{\"@type\":\"WebSite\",\"@id\":\"https:\/\/tcnarbonne.org\/#website\",\"url\":\"https:\/\/tcnarbonne.org\/\",\"name\":\"www.https:\/\/tcnarbonne.org\/\",\"description\":\"Transparence des canaux de la narbonnaise\",\"publisher\":{\"@id\":\"https:\/\/tcnarbonne.org\/#organization\"},\"potentialAction\":[{\"@type\":\"SearchAction\",\"target\":{\"@type\":\"EntryPoint\",\"urlTemplate\":\"https:\/\/tcnarbonne.org\/?s={search_term_string}\"},\"query-input\":\"required name=search_term_string\"}],\"inLanguage\":\"fr-FR\"},{\"@type\":\"Organization\",\"@id\":\"https:\/\/tcnarbonne.org\/#organization\",\"name\":\"www.https:\/\/tcnarbonne.org\/\",\"url\":\"https:\/\/tcnarbonne.org\/\",\"logo\":{\"@type\":\"ImageObject\",\"inLanguage\":\"fr-FR\",\"@id\":\"https:\/\/tcnarbonne.org\/#\/schema\/logo\/image\/\",\"url\":\"https:\/\/tcnarbonne.org\/wp-content\/uploads\/2021\/02\/cropped-logo-TCNA-blanc-1-1.png\",\"contentUrl\":\"https:\/\/tcnarbonne.org\/wp-content\/uploads\/2021\/02\/cropped-logo-TCNA-blanc-1-1.png\",\"width\":306,\"height\":202,\"caption\":\"www.https:\/\/tcnarbonne.org\/\"},\"image\":{\"@id\":\"https:\/\/tcnarbonne.org\/#\/schema\/logo\/image\/\"},\"sameAs\":[\"https:\/\/www.facebook.com\/TCNA-Transparence-des-canaux-de-la-Narbonnaise-325260501232600\/\"]},{\"@type\":\"Person\",\"@id\":\"https:\/\/tcnarbonne.org\/#\/schema\/person\/ae9bc097d422ac157832c85b73102503\",\"name\":\"tcna\",\"image\":{\"@type\":\"ImageObject\",\"inLanguage\":\"fr-FR\",\"@id\":\"https:\/\/tcnarbonne.org\/#\/schema\/person\/image\/\",\"url\":\"https:\/\/secure.gravatar.com\/avatar\/7ed4bba3d6da4ba63526b5317d6ccf26?s=96&d=mm&r=g\",\"contentUrl\":\"https:\/\/secure.gravatar.com\/avatar\/7ed4bba3d6da4ba63526b5317d6ccf26?s=96&d=mm&r=g\",\"caption\":\"tcna\"}}]}<\/script>\n<!-- \/ Yoast SEO plugin. -->","yoast_head_json":{"title":"Communiqu\u00e9 de la soci\u00e9t\u00e9 civile d'ARLIT - TCNA NARBONNE","robots":{"index":"index","follow":"follow","max-snippet":"max-snippet:-1","max-image-preview":"max-image-preview:large","max-video-preview":"max-video-preview:-1"},"canonical":"https:\/\/tcnarbonne.org\/index.php\/communique-de-la-societe-civile-darlit\/05\/11\/2021\/","og_locale":"fr_FR","og_type":"article","og_title":"Communiqu\u00e9 de la soci\u00e9t\u00e9 civile d'ARLIT - TCNA NARBONNE","og_description":"Dans le cadre de l&#8217;entente et du partenariat entre nos deux associations et suite \u00e0 l&#8217;arr\u00eat de la production d&#8217;uranium \u00e0 ARLIT, notre ami, Monsieur ALMOUSTAPHA ALHACEN, Pr\u00e9sident de l&#8217;association AGHIR IN\u2019MAN NIGER a...","og_url":"https:\/\/tcnarbonne.org\/index.php\/communique-de-la-societe-civile-darlit\/05\/11\/2021\/","og_site_name":"TCNA NARBONNE","article_publisher":"https:\/\/www.facebook.com\/TCNA-Transparence-des-canaux-de-la-Narbonnaise-325260501232600\/","article_published_time":"2021-11-05T14:15:09+00:00","article_modified_time":"2021-11-06T10:27:43+00:00","og_image":[{"width":645,"height":521,"url":"https:\/\/tcnarbonne.org\/wp-content\/uploads\/2021\/11\/Capture-de\u0301cran-2021-11-05-a\u0300-15.14.47.png","type":"image\/png"}],"author":"tcna","twitter_card":"summary_large_image","twitter_misc":{"\u00c9crit par":"tcna","Dur\u00e9e de lecture estim\u00e9e":"1 minute"},"schema":{"@context":"https:\/\/schema.org","@graph":[{"@type":"Article","@id":"https:\/\/tcnarbonne.org\/index.php\/communique-de-la-societe-civile-darlit\/05\/11\/2021\/#article","isPartOf":{"@id":"https:\/\/tcnarbonne.org\/index.php\/communique-de-la-societe-civile-darlit\/05\/11\/2021\/"},"author":{"name":"tcna","@id":"https:\/\/tcnarbonne.org\/#\/schema\/person\/ae9bc097d422ac157832c85b73102503"},"headline":"Communiqu\u00e9 de la soci\u00e9t\u00e9 civile d&#8217;ARLIT","datePublished":"2021-11-05T14:15:09+00:00","dateModified":"2021-11-06T10:27:43+00:00","mainEntityOfPage":{"@id":"https:\/\/tcnarbonne.org\/index.php\/communique-de-la-societe-civile-darlit\/05\/11\/2021\/"},"wordCount":144,"publisher":{"@id":"https:\/\/tcnarbonne.org\/#organization"},"keywords":["Almoustapha Alhacen","arlit","\u00e9nergie","niger","nucl\u00e9aire","orano","pollution","radioactivit\u00e9","uranium"],"articleSection":["Actualit\u00e9s","areva-comurhex","cominak","criirad","dossier sp\u00e9cial nucl\u00e9aire occitanie","France 5","industrie mini\u00e8re","industrie nucl\u00e9aire","orano","ressources\/documents","uranium"],"inLanguage":"fr-FR"},{"@type":"WebPage","@id":"https:\/\/tcnarbonne.org\/index.php\/communique-de-la-societe-civile-darlit\/05\/11\/2021\/","url":"https:\/\/tcnarbonne.org\/index.php\/communique-de-la-societe-civile-darlit\/05\/11\/2021\/","name":"Communiqu\u00e9 de la soci\u00e9t\u00e9 civile d'ARLIT - TCNA NARBONNE","isPartOf":{"@id":"https:\/\/tcnarbonne.org\/#website"},"datePublished":"2021-11-05T14:15:09+00:00","dateModified":"2021-11-06T10:27:43+00:00","breadcrumb":{"@id":"https:\/\/tcnarbonne.org\/index.php\/communique-de-la-societe-civile-darlit\/05\/11\/2021\/#breadcrumb"},"inLanguage":"fr-FR","potentialAction":[{"@type":"ReadAction","target":["https:\/\/tcnarbonne.org\/index.php\/communique-de-la-societe-civile-darlit\/05\/11\/2021\/"]}]},{"@type":"BreadcrumbList","@id":"https:\/\/tcnarbonne.org\/index.php\/communique-de-la-societe-civile-darlit\/05\/11\/2021\/#breadcrumb","itemListElement":[{"@type":"ListItem","position":1,"name":"Accueil","item":"https:\/\/tcnarbonne.org\/"},{"@type":"ListItem","position":2,"name":"Communiqu\u00e9 de la soci\u00e9t\u00e9 civile d&#8217;ARLIT"}]},{"@type":"WebSite","@id":"https:\/\/tcnarbonne.org\/#website","url":"https:\/\/tcnarbonne.org\/","name":"www.https:\/\/tcnarbonne.org\/","description":"Transparence des canaux de la narbonnaise","publisher":{"@id":"https:\/\/tcnarbonne.org\/#organization"},"potentialAction":[{"@type":"SearchAction","target":{"@type":"EntryPoint","urlTemplate":"https:\/\/tcnarbonne.org\/?s={search_term_string}"},"query-input":"required name=search_term_string"}],"inLanguage":"fr-FR"},{"@type":"Organization","@id":"https:\/\/tcnarbonne.org\/#organization","name":"www.https:\/\/tcnarbonne.org\/","url":"https:\/\/tcnarbonne.org\/","logo":{"@type":"ImageObject","inLanguage":"fr-FR","@id":"https:\/\/tcnarbonne.org\/#\/schema\/logo\/image\/","url":"https:\/\/tcnarbonne.org\/wp-content\/uploads\/2021\/02\/cropped-logo-TCNA-blanc-1-1.png","contentUrl":"https:\/\/tcnarbonne.org\/wp-content\/uploads\/2021\/02\/cropped-logo-TCNA-blanc-1-1.png","width":306,"height":202,"caption":"www.https:\/\/tcnarbonne.org\/"},"image":{"@id":"https:\/\/tcnarbonne.org\/#\/schema\/logo\/image\/"},"sameAs":["https:\/\/www.facebook.com\/TCNA-Transparence-des-canaux-de-la-Narbonnaise-325260501232600\/"]},{"@type":"Person","@id":"https:\/\/tcnarbonne.org\/#\/schema\/person\/ae9bc097d422ac157832c85b73102503","name":"tcna","image":{"@type":"ImageObject","inLanguage":"fr-FR","@id":"https:\/\/tcnarbonne.org\/#\/schema\/person\/image\/","url":"https:\/\/secure.gravatar.com\/avatar\/7ed4bba3d6da4ba63526b5317d6ccf26?s=96&d=mm&r=g","contentUrl":"https:\/\/secure.gravatar.com\/avatar\/7ed4bba3d6da4ba63526b5317d6ccf26?s=96&d=mm&r=g","caption":"tcna"}}]}},"_links":{"self":[{"href":"https:\/\/tcnarbonne.org\/index.php\/wp-json\/wp\/v2\/posts\/4111"}],"collection":[{"href":"https:\/\/tcnarbonne.org\/index.php\/wp-json\/wp\/v2\/posts"}],"about":[{"href":"https:\/\/tcnarbonne.org\/index.php\/wp-json\/wp\/v2\/types\/post"}],"author":[{"embeddable":true,"href":"https:\/\/tcnarbonne.org\/index.php\/wp-json\/wp\/v2\/users\/1"}],"replies":[{"embeddable":true,"href":"https:\/\/tcnarbonne.org\/index.php\/wp-json\/wp\/v2\/comments?post=4111"}],"version-history":[{"count":9,"href":"https:\/\/tcnarbonne.org\/index.php\/wp-json\/wp\/v2\/posts\/4111\/revisions"}],"predecessor-version":[{"id":4126,"href":"https:\/\/tcnarbonne.org\/index.php\/wp-json\/wp\/v2\/posts\/4111\/revisions\/4126"}],"wp:featuredmedia":[{"embeddable":true,"href":"https:\/\/tcnarbonne.org\/index.php\/wp-json\/wp\/v2\/media\/4115"}],"wp:attachment":[{"href":"https:\/\/tcnarbonne.org\/index.php\/wp-json\/wp\/v2\/media?parent=4111"}],"wp:term":[{"taxonomy":"category","embeddable":true,"href":"https:\/\/tcnarbonne.org\/index.php\/wp-json\/wp\/v2\/categories?post=4111"},{"taxonomy":"post_tag","embeddable":true,"href":"https:\/\/tcnarbonne.org\/index.php\/wp-json\/wp\/v2\/tags?post=4111"}],"curies":[{"name":"wp","href":"https:\/\/api.w.org\/{rel}","templated":true}]}}