{"id":3930,"date":"2020-10-11T18:21:15","date_gmt":"2020-10-11T16:21:15","guid":{"rendered":"http:\/\/tcnarbonne.org\/?p=3930"},"modified":"2020-10-11T18:24:35","modified_gmt":"2020-10-11T16:24:35","slug":"banalisation-du-travail-en-interim-a-orano-malvesi-une-parution-de-notre-partenaire-sdn11","status":"publish","type":"post","link":"https:\/\/tcnarbonne.org\/index.php\/banalisation-du-travail-en-interim-a-orano-malvesi-une-parution-de-notre-partenaire-sdn11\/11\/10\/2020\/","title":{"rendered":"Banalisation du travail en int\u00e9rim \u00e0 Orano Malv\u00e9si (Une parution de notre partenaire SDN11)"},"content":{"rendered":"\n<p>R\u00e9cemment, est parue une petite annonce d\u2019offre d\u2019emploi, anodine en apparence : l\u2019usine ORANO de Narbonne (site de Malv\u00e9si) recrute un cariste. Recrut\u00e9 en int\u00e9rim pour 2 mois seulement. Pourtant, \u00e0 bien lire l\u2019annonce, les missions ne sont pas anodines : \u00ab&nbsp;d\u00e9charger et charger des conteneurs (\u2026) qui contiennent des f\u00fbts de mati\u00e8re uranif\u00e8re et les ranger sur des parcs d\u2019entreposage. Assurer de petits assainissements radioactifs et colisage de d\u00e9chets.Assurer le suivi de remplissage de citernes de mati\u00e8re uranif\u00e8re.<\/p>\n<p>Il y a quelques ann\u00e9es, la CRIIRAD (commission d\u2019information ind\u00e9pendante de recherche sur la radioactivit\u00e9) avait effectu\u00e9 quelques mesures \u00e0 l\u2019ext\u00e9rieur de l\u2019usine, \u00e0 proximit\u00e9 du parc de ces f\u00fbts de mati\u00e8re uranif\u00e8re. Le compteur Geiger s\u2019\u00e9tait affol\u00e9, montrant qu\u2019il s\u2019agit d\u2019un des endroits de l\u2019usine les plus \u00e9metteurs de rayonnements ionisants. Ce poste de travail est donc un des plus expos\u00e9 du site du point de vue radiologique. En plus des comp\u00e9tences classiques exig\u00e9es d\u2019un cariste le futur recrut\u00e9 doit avoir suivi une formation sp\u00e9cifique au nucl\u00e9aire.<\/p>\n<p>On sait que l\u2019exposition aux radiations n\u00e9cessitera un suivi m\u00e9dical \u00e0 long terme. Il doit \u00eatre muni d\u2019une fiche d\u2019exposition \u00e9tablie par \u00ab la personne comp\u00e9tente \u00bb au sein de l\u2019agence d\u2019int\u00e9rim. Elle doit comporter : pr\u00e9visionnel dosim\u00e9trique, produits chimiques manipul\u00e9s, horaires de travail\u2026 De plus, par les t\u00e2ches affect\u00e9es \u00e0 cette personne, il appara\u00eet qu\u2019elle peut \u00eatre expos\u00e9e non seulement aux radiations externes mais aux contaminations internes par absorption ou inhalation de poussi\u00e8res. Sera-telle suivie r\u00e9ellement dans tout le champ des risques ?<\/p>\n<p>Nous sommes l\u00e0 devant les cas classiques de cette industrie qui fait un recours massif aux int\u00e9rimaires. Cela est-il raisonnable, face aux v\u00e9ritables enjeux tant pour la s\u00e9curit\u00e9 des travailleurs que pour celle des installations donc de la population. Suite \u00e0 l\u2019accident de Lubrizol, \u00e0 Rouen, un rapport d\u2019expertise command\u00e9 par le Comit\u00e9 Social et \u00c9conomique d\u2019Entreprise a conclu : \u00ab <strong>la sous-traitance a fragilis\u00e9 la s\u00e9curit\u00e9 du site (\u2026) Il a \u00e9t\u00e9 montr\u00e9<\/strong>&nbsp;<strong>une fois de plus que le recours \u00e0 la sous-traitance est un facteur de risque sur les sites SEVESO<\/strong> \u00bb. Plus loin, il appelle \u00e0 \u00ab <strong>une r\u00e9flexion s\u00e9rieuse sur la relation entre sous-traitance et sites SEVESO<\/strong> \u00bb. Appel manifestement inaudible \u00e0 Narbonne !<\/p>\n<p>Le bureau de l\u2019association SDN11<\/p>\n<p>R\u00e9f\u00e9rences :<\/p>\n<ul>\n<li><em><a href=\"https:\/\/www.randstad.fr\/offre\/001-ws-1745117_01c\/cariste_f_h_\/\">https:\/\/www.randstad.fr\/offre\/001-ws-1745117_01c\/cariste_f_h_\/<\/a><\/em><\/li>\n<li><a href=\"https:\/\/www.lemonde.fr\/planete\/article\/2020\/09\/25\/le-recours-a-la-sous-traitance-a-fragilise-la-securite-du-site-de-lubrizol_6053652_3244.html\">https:\/\/www.lemonde.fr\/planete\/article\/2020\/09\/25\/le-recours-a-la-sous-traitance-a-fragilise-la-securite-du-site-de-lubrizol_6053652_3244.html<\/a><\/li>\n<\/ul>\n<p style=\"text-align: center;\">SOURCE ORIGINALE<\/p>\n<p><blockquote class=\"wp-embedded-content\" data-secret=\"t4uKlOu6NS\"><a href=\"http:\/\/www.sdn11.fr\/2020\/10\/orano-malvesi-recrute-un-interimaire-pour-receptionner-luranium\/\">Banalisation du travail en int\u00e9rim \u00e0 Orano Malv\u00e9si<\/a><\/blockquote><iframe class=\"wp-embedded-content\" sandbox=\"allow-scripts\" security=\"restricted\" style=\"position: absolute; clip: rect(1px, 1px, 1px, 1px);\" title=\"\u00ab\u00a0Banalisation du travail en int\u00e9rim \u00e0 Orano Malv\u00e9si\u00a0\u00bb &#8212; Collectif &quot;Sortir du Nucl\u00e9aire Aude&quot; (SDN11)\" src=\"http:\/\/www.sdn11.fr\/2020\/10\/orano-malvesi-recrute-un-interimaire-pour-receptionner-luranium\/embed\/#?secret=paoalwhWUW#?secret=t4uKlOu6NS\" data-secret=\"t4uKlOu6NS\" width=\"600\" height=\"338\" frameborder=\"0\" marginwidth=\"0\" marginheight=\"0\" scrolling=\"no\"><\/iframe><\/p>\n<p>&nbsp;<\/p>\n","protected":false},"excerpt":{"rendered":"<p>R\u00e9cemment, est parue une petite annonce d\u2019offre d\u2019emploi, anodine en apparence : l\u2019usine ORANO de Narbonne (site de Malv\u00e9si) recrute un cariste. Recrut\u00e9 en int\u00e9rim pour 2 mois seulement. Pourtant, \u00e0 bien lire l\u2019annonce,&#8230;<\/p>\n","protected":false},"author":1,"featured_media":3931,"comment_status":"closed","ping_status":"closed","sticky":false,"template":"","format":"standard","meta":{"ngg_post_thumbnail":0,"footnotes":""},"categories":[5,78,57,383,398,494,734,834,738,613,717,856,4,500],"tags":[945,946,944,614],"yoast_head":"<!-- This site is optimized with the Yoast SEO plugin v21.1 - https:\/\/yoast.com\/wordpress\/plugins\/seo\/ -->\n<title>Banalisation du travail en int\u00e9rim \u00e0 Orano Malv\u00e9si (Une parution de notre partenaire SDN11) - TCNA NARBONNE<\/title>\n<meta name=\"robots\" content=\"index, follow, max-snippet:-1, max-image-preview:large, max-video-preview:-1\" \/>\n<link rel=\"canonical\" href=\"https:\/\/tcnarbonne.org\/index.php\/banalisation-du-travail-en-interim-a-orano-malvesi-une-parution-de-notre-partenaire-sdn11\/11\/10\/2020\/\" \/>\n<meta property=\"og:locale\" content=\"fr_FR\" \/>\n<meta property=\"og:type\" content=\"article\" \/>\n<meta property=\"og:title\" content=\"Banalisation du travail en int\u00e9rim \u00e0 Orano Malv\u00e9si (Une parution de notre partenaire SDN11) - TCNA NARBONNE\" \/>\n<meta property=\"og:description\" content=\"R\u00e9cemment, est parue une petite annonce d\u2019offre d\u2019emploi, anodine en apparence : l\u2019usine ORANO de Narbonne (site de Malv\u00e9si) recrute un cariste. Recrut\u00e9 en int\u00e9rim pour 2 mois seulement. Pourtant, \u00e0 bien lire l\u2019annonce,...\" \/>\n<meta property=\"og:url\" content=\"https:\/\/tcnarbonne.org\/index.php\/banalisation-du-travail-en-interim-a-orano-malvesi-une-parution-de-notre-partenaire-sdn11\/11\/10\/2020\/\" \/>\n<meta property=\"og:site_name\" content=\"TCNA NARBONNE\" \/>\n<meta property=\"article:publisher\" content=\"https:\/\/www.facebook.com\/TCNA-Transparence-des-canaux-de-la-Narbonnaise-325260501232600\/\" \/>\n<meta property=\"article:published_time\" content=\"2020-10-11T16:21:15+00:00\" \/>\n<meta property=\"article:modified_time\" content=\"2020-10-11T16:24:35+00:00\" \/>\n<meta property=\"og:image\" content=\"https:\/\/tcnarbonne.org\/wp-content\/uploads\/2020\/10\/istockphoto-960374708-170667a.jpg\" \/>\n\t<meta property=\"og:image:width\" content=\"468\" \/>\n\t<meta property=\"og:image:height\" content=\"369\" \/>\n\t<meta property=\"og:image:type\" content=\"image\/jpeg\" \/>\n<meta name=\"author\" content=\"tcna\" \/>\n<meta name=\"twitter:card\" content=\"summary_large_image\" \/>\n<meta name=\"twitter:label1\" content=\"\u00c9crit par\" \/>\n\t<meta name=\"twitter:data1\" content=\"tcna\" \/>\n\t<meta name=\"twitter:label2\" content=\"Dur\u00e9e de lecture estim\u00e9e\" \/>\n\t<meta name=\"twitter:data2\" content=\"2 minutes\" \/>\n<script type=\"application\/ld+json\" class=\"yoast-schema-graph\">{\"@context\":\"https:\/\/schema.org\",\"@graph\":[{\"@type\":\"Article\",\"@id\":\"https:\/\/tcnarbonne.org\/index.php\/banalisation-du-travail-en-interim-a-orano-malvesi-une-parution-de-notre-partenaire-sdn11\/11\/10\/2020\/#article\",\"isPartOf\":{\"@id\":\"https:\/\/tcnarbonne.org\/index.php\/banalisation-du-travail-en-interim-a-orano-malvesi-une-parution-de-notre-partenaire-sdn11\/11\/10\/2020\/\"},\"author\":{\"name\":\"tcna\",\"@id\":\"https:\/\/tcnarbonne.org\/#\/schema\/person\/ae9bc097d422ac157832c85b73102503\"},\"headline\":\"Banalisation du travail en int\u00e9rim \u00e0 Orano Malv\u00e9si (Une parution de notre partenaire SDN11)\",\"datePublished\":\"2020-10-11T16:21:15+00:00\",\"dateModified\":\"2020-10-11T16:24:35+00:00\",\"mainEntityOfPage\":{\"@id\":\"https:\/\/tcnarbonne.org\/index.php\/banalisation-du-travail-en-interim-a-orano-malvesi-une-parution-de-notre-partenaire-sdn11\/11\/10\/2020\/\"},\"wordCount\":459,\"publisher\":{\"@id\":\"https:\/\/tcnarbonne.org\/#organization\"},\"keywords\":[\"f\u00fbts de mati\u00e8re uranif\u00e8re\",\"Geiger\",\"offre d\u2019emploi\",\"orano malvesi\"],\"articleSection\":[\"areva-comurhex\",\"aude\",\"comurhex\",\"criirad\",\"d\u00e9chets nucl\u00e9aires\",\"dossier sp\u00e9cial nucl\u00e9aire occitanie\",\"industrie chimique\",\"industrie nucl\u00e9aire\",\"occitanie\",\"orano malvesi\",\"partenariat\",\"r\u00e9seau sortir du nucl\u00e9aire\",\"ressources\/documents\",\"sdn11\"],\"inLanguage\":\"fr-FR\"},{\"@type\":\"WebPage\",\"@id\":\"https:\/\/tcnarbonne.org\/index.php\/banalisation-du-travail-en-interim-a-orano-malvesi-une-parution-de-notre-partenaire-sdn11\/11\/10\/2020\/\",\"url\":\"https:\/\/tcnarbonne.org\/index.php\/banalisation-du-travail-en-interim-a-orano-malvesi-une-parution-de-notre-partenaire-sdn11\/11\/10\/2020\/\",\"name\":\"Banalisation du travail en int\u00e9rim \u00e0 Orano Malv\u00e9si (Une parution de notre partenaire SDN11) - TCNA NARBONNE\",\"isPartOf\":{\"@id\":\"https:\/\/tcnarbonne.org\/#website\"},\"datePublished\":\"2020-10-11T16:21:15+00:00\",\"dateModified\":\"2020-10-11T16:24:35+00:00\",\"breadcrumb\":{\"@id\":\"https:\/\/tcnarbonne.org\/index.php\/banalisation-du-travail-en-interim-a-orano-malvesi-une-parution-de-notre-partenaire-sdn11\/11\/10\/2020\/#breadcrumb\"},\"inLanguage\":\"fr-FR\",\"potentialAction\":[{\"@type\":\"ReadAction\",\"target\":[\"https:\/\/tcnarbonne.org\/index.php\/banalisation-du-travail-en-interim-a-orano-malvesi-une-parution-de-notre-partenaire-sdn11\/11\/10\/2020\/\"]}]},{\"@type\":\"BreadcrumbList\",\"@id\":\"https:\/\/tcnarbonne.org\/index.php\/banalisation-du-travail-en-interim-a-orano-malvesi-une-parution-de-notre-partenaire-sdn11\/11\/10\/2020\/#breadcrumb\",\"itemListElement\":[{\"@type\":\"ListItem\",\"position\":1,\"name\":\"Accueil\",\"item\":\"https:\/\/tcnarbonne.org\/\"},{\"@type\":\"ListItem\",\"position\":2,\"name\":\"Banalisation du travail en int\u00e9rim \u00e0 Orano Malv\u00e9si (Une parution de notre partenaire SDN11)\"}]},{\"@type\":\"WebSite\",\"@id\":\"https:\/\/tcnarbonne.org\/#website\",\"url\":\"https:\/\/tcnarbonne.org\/\",\"name\":\"www.https:\/\/tcnarbonne.org\/\",\"description\":\"Transparence des canaux de la narbonnaise\",\"publisher\":{\"@id\":\"https:\/\/tcnarbonne.org\/#organization\"},\"potentialAction\":[{\"@type\":\"SearchAction\",\"target\":{\"@type\":\"EntryPoint\",\"urlTemplate\":\"https:\/\/tcnarbonne.org\/?s={search_term_string}\"},\"query-input\":\"required name=search_term_string\"}],\"inLanguage\":\"fr-FR\"},{\"@type\":\"Organization\",\"@id\":\"https:\/\/tcnarbonne.org\/#organization\",\"name\":\"www.https:\/\/tcnarbonne.org\/\",\"url\":\"https:\/\/tcnarbonne.org\/\",\"logo\":{\"@type\":\"ImageObject\",\"inLanguage\":\"fr-FR\",\"@id\":\"https:\/\/tcnarbonne.org\/#\/schema\/logo\/image\/\",\"url\":\"https:\/\/tcnarbonne.org\/wp-content\/uploads\/2021\/02\/cropped-logo-TCNA-blanc-1-1.png\",\"contentUrl\":\"https:\/\/tcnarbonne.org\/wp-content\/uploads\/2021\/02\/cropped-logo-TCNA-blanc-1-1.png\",\"width\":306,\"height\":202,\"caption\":\"www.https:\/\/tcnarbonne.org\/\"},\"image\":{\"@id\":\"https:\/\/tcnarbonne.org\/#\/schema\/logo\/image\/\"},\"sameAs\":[\"https:\/\/www.facebook.com\/TCNA-Transparence-des-canaux-de-la-Narbonnaise-325260501232600\/\"]},{\"@type\":\"Person\",\"@id\":\"https:\/\/tcnarbonne.org\/#\/schema\/person\/ae9bc097d422ac157832c85b73102503\",\"name\":\"tcna\",\"image\":{\"@type\":\"ImageObject\",\"inLanguage\":\"fr-FR\",\"@id\":\"https:\/\/tcnarbonne.org\/#\/schema\/person\/image\/\",\"url\":\"https:\/\/secure.gravatar.com\/avatar\/7ed4bba3d6da4ba63526b5317d6ccf26?s=96&d=mm&r=g\",\"contentUrl\":\"https:\/\/secure.gravatar.com\/avatar\/7ed4bba3d6da4ba63526b5317d6ccf26?s=96&d=mm&r=g\",\"caption\":\"tcna\"}}]}<\/script>\n<!-- \/ Yoast SEO plugin. -->","yoast_head_json":{"title":"Banalisation du travail en int\u00e9rim \u00e0 Orano Malv\u00e9si (Une parution de notre partenaire SDN11) - TCNA NARBONNE","robots":{"index":"index","follow":"follow","max-snippet":"max-snippet:-1","max-image-preview":"max-image-preview:large","max-video-preview":"max-video-preview:-1"},"canonical":"https:\/\/tcnarbonne.org\/index.php\/banalisation-du-travail-en-interim-a-orano-malvesi-une-parution-de-notre-partenaire-sdn11\/11\/10\/2020\/","og_locale":"fr_FR","og_type":"article","og_title":"Banalisation du travail en int\u00e9rim \u00e0 Orano Malv\u00e9si (Une parution de notre partenaire SDN11) - TCNA NARBONNE","og_description":"R\u00e9cemment, est parue une petite annonce d\u2019offre d\u2019emploi, anodine en apparence : l\u2019usine ORANO de Narbonne (site de Malv\u00e9si) recrute un cariste. Recrut\u00e9 en int\u00e9rim pour 2 mois seulement. Pourtant, \u00e0 bien lire l\u2019annonce,...","og_url":"https:\/\/tcnarbonne.org\/index.php\/banalisation-du-travail-en-interim-a-orano-malvesi-une-parution-de-notre-partenaire-sdn11\/11\/10\/2020\/","og_site_name":"TCNA NARBONNE","article_publisher":"https:\/\/www.facebook.com\/TCNA-Transparence-des-canaux-de-la-Narbonnaise-325260501232600\/","article_published_time":"2020-10-11T16:21:15+00:00","article_modified_time":"2020-10-11T16:24:35+00:00","og_image":[{"width":468,"height":369,"url":"https:\/\/tcnarbonne.org\/wp-content\/uploads\/2020\/10\/istockphoto-960374708-170667a.jpg","type":"image\/jpeg"}],"author":"tcna","twitter_card":"summary_large_image","twitter_misc":{"\u00c9crit par":"tcna","Dur\u00e9e de lecture estim\u00e9e":"2 minutes"},"schema":{"@context":"https:\/\/schema.org","@graph":[{"@type":"Article","@id":"https:\/\/tcnarbonne.org\/index.php\/banalisation-du-travail-en-interim-a-orano-malvesi-une-parution-de-notre-partenaire-sdn11\/11\/10\/2020\/#article","isPartOf":{"@id":"https:\/\/tcnarbonne.org\/index.php\/banalisation-du-travail-en-interim-a-orano-malvesi-une-parution-de-notre-partenaire-sdn11\/11\/10\/2020\/"},"author":{"name":"tcna","@id":"https:\/\/tcnarbonne.org\/#\/schema\/person\/ae9bc097d422ac157832c85b73102503"},"headline":"Banalisation du travail en int\u00e9rim \u00e0 Orano Malv\u00e9si (Une parution de notre partenaire SDN11)","datePublished":"2020-10-11T16:21:15+00:00","dateModified":"2020-10-11T16:24:35+00:00","mainEntityOfPage":{"@id":"https:\/\/tcnarbonne.org\/index.php\/banalisation-du-travail-en-interim-a-orano-malvesi-une-parution-de-notre-partenaire-sdn11\/11\/10\/2020\/"},"wordCount":459,"publisher":{"@id":"https:\/\/tcnarbonne.org\/#organization"},"keywords":["f\u00fbts de mati\u00e8re uranif\u00e8re","Geiger","offre d\u2019emploi","orano malvesi"],"articleSection":["areva-comurhex","aude","comurhex","criirad","d\u00e9chets nucl\u00e9aires","dossier sp\u00e9cial nucl\u00e9aire occitanie","industrie chimique","industrie nucl\u00e9aire","occitanie","orano malvesi","partenariat","r\u00e9seau sortir du nucl\u00e9aire","ressources\/documents","sdn11"],"inLanguage":"fr-FR"},{"@type":"WebPage","@id":"https:\/\/tcnarbonne.org\/index.php\/banalisation-du-travail-en-interim-a-orano-malvesi-une-parution-de-notre-partenaire-sdn11\/11\/10\/2020\/","url":"https:\/\/tcnarbonne.org\/index.php\/banalisation-du-travail-en-interim-a-orano-malvesi-une-parution-de-notre-partenaire-sdn11\/11\/10\/2020\/","name":"Banalisation du travail en int\u00e9rim \u00e0 Orano Malv\u00e9si (Une parution de notre partenaire SDN11) - TCNA NARBONNE","isPartOf":{"@id":"https:\/\/tcnarbonne.org\/#website"},"datePublished":"2020-10-11T16:21:15+00:00","dateModified":"2020-10-11T16:24:35+00:00","breadcrumb":{"@id":"https:\/\/tcnarbonne.org\/index.php\/banalisation-du-travail-en-interim-a-orano-malvesi-une-parution-de-notre-partenaire-sdn11\/11\/10\/2020\/#breadcrumb"},"inLanguage":"fr-FR","potentialAction":[{"@type":"ReadAction","target":["https:\/\/tcnarbonne.org\/index.php\/banalisation-du-travail-en-interim-a-orano-malvesi-une-parution-de-notre-partenaire-sdn11\/11\/10\/2020\/"]}]},{"@type":"BreadcrumbList","@id":"https:\/\/tcnarbonne.org\/index.php\/banalisation-du-travail-en-interim-a-orano-malvesi-une-parution-de-notre-partenaire-sdn11\/11\/10\/2020\/#breadcrumb","itemListElement":[{"@type":"ListItem","position":1,"name":"Accueil","item":"https:\/\/tcnarbonne.org\/"},{"@type":"ListItem","position":2,"name":"Banalisation du travail en int\u00e9rim \u00e0 Orano Malv\u00e9si (Une parution de notre partenaire SDN11)"}]},{"@type":"WebSite","@id":"https:\/\/tcnarbonne.org\/#website","url":"https:\/\/tcnarbonne.org\/","name":"www.https:\/\/tcnarbonne.org\/","description":"Transparence des canaux de la narbonnaise","publisher":{"@id":"https:\/\/tcnarbonne.org\/#organization"},"potentialAction":[{"@type":"SearchAction","target":{"@type":"EntryPoint","urlTemplate":"https:\/\/tcnarbonne.org\/?s={search_term_string}"},"query-input":"required name=search_term_string"}],"inLanguage":"fr-FR"},{"@type":"Organization","@id":"https:\/\/tcnarbonne.org\/#organization","name":"www.https:\/\/tcnarbonne.org\/","url":"https:\/\/tcnarbonne.org\/","logo":{"@type":"ImageObject","inLanguage":"fr-FR","@id":"https:\/\/tcnarbonne.org\/#\/schema\/logo\/image\/","url":"https:\/\/tcnarbonne.org\/wp-content\/uploads\/2021\/02\/cropped-logo-TCNA-blanc-1-1.png","contentUrl":"https:\/\/tcnarbonne.org\/wp-content\/uploads\/2021\/02\/cropped-logo-TCNA-blanc-1-1.png","width":306,"height":202,"caption":"www.https:\/\/tcnarbonne.org\/"},"image":{"@id":"https:\/\/tcnarbonne.org\/#\/schema\/logo\/image\/"},"sameAs":["https:\/\/www.facebook.com\/TCNA-Transparence-des-canaux-de-la-Narbonnaise-325260501232600\/"]},{"@type":"Person","@id":"https:\/\/tcnarbonne.org\/#\/schema\/person\/ae9bc097d422ac157832c85b73102503","name":"tcna","image":{"@type":"ImageObject","inLanguage":"fr-FR","@id":"https:\/\/tcnarbonne.org\/#\/schema\/person\/image\/","url":"https:\/\/secure.gravatar.com\/avatar\/7ed4bba3d6da4ba63526b5317d6ccf26?s=96&d=mm&r=g","contentUrl":"https:\/\/secure.gravatar.com\/avatar\/7ed4bba3d6da4ba63526b5317d6ccf26?s=96&d=mm&r=g","caption":"tcna"}}]}},"_links":{"self":[{"href":"https:\/\/tcnarbonne.org\/index.php\/wp-json\/wp\/v2\/posts\/3930"}],"collection":[{"href":"https:\/\/tcnarbonne.org\/index.php\/wp-json\/wp\/v2\/posts"}],"about":[{"href":"https:\/\/tcnarbonne.org\/index.php\/wp-json\/wp\/v2\/types\/post"}],"author":[{"embeddable":true,"href":"https:\/\/tcnarbonne.org\/index.php\/wp-json\/wp\/v2\/users\/1"}],"replies":[{"embeddable":true,"href":"https:\/\/tcnarbonne.org\/index.php\/wp-json\/wp\/v2\/comments?post=3930"}],"version-history":[{"count":3,"href":"https:\/\/tcnarbonne.org\/index.php\/wp-json\/wp\/v2\/posts\/3930\/revisions"}],"predecessor-version":[{"id":3934,"href":"https:\/\/tcnarbonne.org\/index.php\/wp-json\/wp\/v2\/posts\/3930\/revisions\/3934"}],"wp:featuredmedia":[{"embeddable":true,"href":"https:\/\/tcnarbonne.org\/index.php\/wp-json\/wp\/v2\/media\/3931"}],"wp:attachment":[{"href":"https:\/\/tcnarbonne.org\/index.php\/wp-json\/wp\/v2\/media?parent=3930"}],"wp:term":[{"taxonomy":"category","embeddable":true,"href":"https:\/\/tcnarbonne.org\/index.php\/wp-json\/wp\/v2\/categories?post=3930"},{"taxonomy":"post_tag","embeddable":true,"href":"https:\/\/tcnarbonne.org\/index.php\/wp-json\/wp\/v2\/tags?post=3930"}],"curies":[{"name":"wp","href":"https:\/\/api.w.org\/{rel}","templated":true}]}}