{"id":3775,"date":"2020-02-29T17:33:26","date_gmt":"2020-02-29T16:33:26","guid":{"rendered":"http:\/\/tcnarbonne.org\/?p=3775"},"modified":"2020-03-04T18:10:01","modified_gmt":"2020-03-04T17:10:01","slug":"narbonne-un-parterre-de-parapluies-contre-les-projets-dorano-malvesi","status":"publish","type":"post","link":"https:\/\/tcnarbonne.org\/index.php\/narbonne-un-parterre-de-parapluies-contre-les-projets-dorano-malvesi\/29\/02\/2020\/","title":{"rendered":"Narbonne : un parterre de parapluies contre les projets d&#8217;Orano-Malv\u00e9si"},"content":{"rendered":"\n<p class=\"article-detail-chapeau\">Plusieurs centaines de personnes se sont retrouv\u00e9es dans le centre de Narbonne ce samedi 29 f\u00e9vrier \u00e0 l&#8217;appel de l&#8217;association TCNA, pour affirmer leur opposition aux projets &#8220;Traitement des nitrates&#8221; et &#8220;NVH&#8221; pr\u00e9vus sur le site de l&#8217;usine d&#8217;Orano bas\u00e9e \u00e0 Malv\u00e9si.<\/p>\n<div class=\"article-detail-formated-text article-paywall p402_premium\">\n<p><em>A tous ceux qui pouvaient faire quelque chose mais n&#8217;ont rien fait, \u00e0 tous ceux qui pourraient faire quelque chose mais ne font rien, ouvrons-leur \u00e0 notre tour nos parapluies !&#8221;<\/em> Place de l&#8217;H\u00f4tel de Ville, des dizaines de parapluies et de parasols se d\u00e9ploient alors sous les coups de midi. Pas moins de 380 personnes s&#8217;\u00e9taient en effet retrouv\u00e9es sur place, ce samedi 29 f\u00e9vrier, pour r\u00e9affirmer leur opposition aux projets TDN\/THOR (traitement des nitrates) et NVH (production de dioxyde d&#8217;uranium) de l&#8217;usine Orano-Malv\u00e9si. Et d\u00e9noncer le comportement passif d&#8217;un certain nombre de d\u00e9cideurs locaux sur ce dossier.<\/p>\n<div style=\"position: relative; padding-bottom: 57.25%;\"><iframe style=\"position: absolute; top: 0; left: 0; width: 100%; height: 100%;\" src=\"https:\/\/player.myvideoplace.tv\/?v=INDE_ORS_290220-2\" frameborder=\"0\" allowfullscreen=\"allowfullscreen\" data-mce-fragment=\"1\"><\/iframe><\/div>\n<p>Organis\u00e9e par l&#8217;association TCNA, rejointe par Greenpeace, Sortir du nucl\u00e9aire, la Conf\u00e9d\u00e9ration paysanne, Alternatiba et le Covidem, cette action pacifique avait d\u00e9but\u00e9 en milieu de matin\u00e9e devant la M\u00e9diath\u00e8que. Pass\u00e9 les prises de parole, il a ensuite \u00e9t\u00e9 fait lecture du positionnement des diff\u00e9rents candidats aux municipales narbonnaises sur les questions TDN et NVH, ces derniers ayant \u00e9t\u00e9 sollicit\u00e9s par TCNA via un courrier. Les participants ont ensuite d\u00e9fil\u00e9 en cort\u00e8ge dans la rue Jean Jaur\u00e8s, jusqu&#8217;\u00e0 la place de la mairie (notre vid\u00e9o).<\/p>\n<p><a href=\"https:\/\/www.lindependant.fr\/2020\/02\/29\/narbonne-un-parterre-de-parapluies-contre-les-projets-dorano-malvesi,8765297.php#commentaires\">Source Originale:&nbsp;L&#8217;Ind\u00e9pendant<\/a><\/p>\n<\/div>\n","protected":false},"excerpt":{"rendered":"<p>Plusieurs centaines de personnes se sont retrouv\u00e9es dans le centre de Narbonne ce samedi 29 f\u00e9vrier \u00e0 l&#8217;appel de l&#8217;association TCNA, pour affirmer leur opposition aux projets &#8220;Traitement des nitrates&#8221; et &#8220;NVH&#8221; pr\u00e9vus sur&#8230;<\/p>\n","protected":false},"author":1,"featured_media":3778,"comment_status":"closed","ping_status":"closed","sticky":false,"template":"","format":"standard","meta":{"ngg_post_thumbnail":0,"footnotes":""},"categories":[723,5,752,670,632,383,398,494,830,458,584,166,775,55,834,63,851,6,725,720,738,609,613,645,729,856,4,500,556,7],"tags":[136,428,562,873,871,872,642,870,859,58,667,869,610,614,328,329],"yoast_head":"<!-- This site is optimized with the Yoast SEO plugin v21.1 - https:\/\/yoast.com\/wordpress\/plugins\/seo\/ -->\n<title>Narbonne : un parterre de parapluies contre les projets d&#039;Orano-Malv\u00e9si - TCNA NARBONNE<\/title>\n<meta name=\"robots\" content=\"index, follow, max-snippet:-1, max-image-preview:large, max-video-preview:-1\" \/>\n<link rel=\"canonical\" href=\"https:\/\/tcnarbonne.org\/index.php\/narbonne-un-parterre-de-parapluies-contre-les-projets-dorano-malvesi\/29\/02\/2020\/\" \/>\n<meta property=\"og:locale\" content=\"fr_FR\" \/>\n<meta property=\"og:type\" content=\"article\" \/>\n<meta property=\"og:title\" content=\"Narbonne : un parterre de parapluies contre les projets d&#039;Orano-Malv\u00e9si - TCNA NARBONNE\" \/>\n<meta property=\"og:description\" content=\"Plusieurs centaines de personnes se sont retrouv\u00e9es dans le centre de Narbonne ce samedi 29 f\u00e9vrier \u00e0 l&#8217;appel de l&#8217;association TCNA, pour affirmer leur opposition aux projets &#8220;Traitement des nitrates&#8221; et &#8220;NVH&#8221; pr\u00e9vus sur...\" \/>\n<meta property=\"og:url\" content=\"https:\/\/tcnarbonne.org\/index.php\/narbonne-un-parterre-de-parapluies-contre-les-projets-dorano-malvesi\/29\/02\/2020\/\" \/>\n<meta property=\"og:site_name\" content=\"TCNA NARBONNE\" \/>\n<meta property=\"article:publisher\" content=\"https:\/\/www.facebook.com\/TCNA-Transparence-des-canaux-de-la-Narbonnaise-325260501232600\/\" \/>\n<meta property=\"article:published_time\" content=\"2020-02-29T16:33:26+00:00\" \/>\n<meta property=\"article:modified_time\" content=\"2020-03-04T17:10:01+00:00\" \/>\n<meta property=\"og:image\" content=\"https:\/\/tcnarbonne.org\/wp-content\/uploads\/2020\/02\/parapluie-scaled.jpg\" \/>\n\t<meta property=\"og:image:width\" content=\"2560\" \/>\n\t<meta property=\"og:image:height\" content=\"1696\" \/>\n\t<meta property=\"og:image:type\" content=\"image\/jpeg\" \/>\n<meta name=\"author\" content=\"tcna\" \/>\n<meta name=\"twitter:card\" content=\"summary_large_image\" \/>\n<meta name=\"twitter:label1\" content=\"\u00c9crit par\" \/>\n\t<meta name=\"twitter:data1\" content=\"tcna\" \/>\n\t<meta name=\"twitter:label2\" content=\"Dur\u00e9e de lecture estim\u00e9e\" \/>\n\t<meta name=\"twitter:data2\" content=\"1 minute\" \/>\n<script type=\"application\/ld+json\" class=\"yoast-schema-graph\">{\"@context\":\"https:\/\/schema.org\",\"@graph\":[{\"@type\":\"Article\",\"@id\":\"https:\/\/tcnarbonne.org\/index.php\/narbonne-un-parterre-de-parapluies-contre-les-projets-dorano-malvesi\/29\/02\/2020\/#article\",\"isPartOf\":{\"@id\":\"https:\/\/tcnarbonne.org\/index.php\/narbonne-un-parterre-de-parapluies-contre-les-projets-dorano-malvesi\/29\/02\/2020\/\"},\"author\":{\"name\":\"tcna\",\"@id\":\"https:\/\/tcnarbonne.org\/#\/schema\/person\/ae9bc097d422ac157832c85b73102503\"},\"headline\":\"Narbonne : un parterre de parapluies contre les projets d&#8217;Orano-Malv\u00e9si\",\"datePublished\":\"2020-02-29T16:33:26+00:00\",\"dateModified\":\"2020-03-04T17:10:01+00:00\",\"mainEntityOfPage\":{\"@id\":\"https:\/\/tcnarbonne.org\/index.php\/narbonne-un-parterre-de-parapluies-contre-les-projets-dorano-malvesi\/29\/02\/2020\/\"},\"wordCount\":261,\"publisher\":{\"@id\":\"https:\/\/tcnarbonne.org\/#organization\"},\"keywords\":[\"cancer\",\"d\u00e9chets radioactifs\",\"erwin\",\"experimental\",\"explosif\",\"hydirg\u00e8ne\",\"idaho falls\",\"IWTU\",\"municipales2020\",\"nucleaire\",\"nvh\",\"Opposition\",\"orano\",\"orano malvesi\",\"tdn\",\"thor\"],\"articleSection\":[\"alternatiba\",\"areva-comurhex\",\"commission europ\u00e9enne\",\"conf\u00e9d\u00e9ration paysanne de l'aude\",\"covidem\",\"criirad\",\"d\u00e9chets nucl\u00e9aires\",\"dossier sp\u00e9cial nucl\u00e9aire occitanie\",\"Etienne Ambroselli\",\"familles papillon\",\"France3\",\"grand narbonne\",\"greenpeace\",\"ind\u00e9pendant\",\"industrie nucl\u00e9aire\",\"midi libre\",\"municipales 2020\",\"narbonne\",\"NOx\",\"nvh\",\"occitanie\",\"orano\",\"orano malvesi\",\"plutonium\",\"pollution\",\"r\u00e9seau sortir du nucl\u00e9aire\",\"ressources\/documents\",\"sdn11\",\"THOR\/TDN\",\"uranium\"],\"inLanguage\":\"fr-FR\"},{\"@type\":\"WebPage\",\"@id\":\"https:\/\/tcnarbonne.org\/index.php\/narbonne-un-parterre-de-parapluies-contre-les-projets-dorano-malvesi\/29\/02\/2020\/\",\"url\":\"https:\/\/tcnarbonne.org\/index.php\/narbonne-un-parterre-de-parapluies-contre-les-projets-dorano-malvesi\/29\/02\/2020\/\",\"name\":\"Narbonne : un parterre de parapluies contre les projets d'Orano-Malv\u00e9si - TCNA NARBONNE\",\"isPartOf\":{\"@id\":\"https:\/\/tcnarbonne.org\/#website\"},\"datePublished\":\"2020-02-29T16:33:26+00:00\",\"dateModified\":\"2020-03-04T17:10:01+00:00\",\"breadcrumb\":{\"@id\":\"https:\/\/tcnarbonne.org\/index.php\/narbonne-un-parterre-de-parapluies-contre-les-projets-dorano-malvesi\/29\/02\/2020\/#breadcrumb\"},\"inLanguage\":\"fr-FR\",\"potentialAction\":[{\"@type\":\"ReadAction\",\"target\":[\"https:\/\/tcnarbonne.org\/index.php\/narbonne-un-parterre-de-parapluies-contre-les-projets-dorano-malvesi\/29\/02\/2020\/\"]}]},{\"@type\":\"BreadcrumbList\",\"@id\":\"https:\/\/tcnarbonne.org\/index.php\/narbonne-un-parterre-de-parapluies-contre-les-projets-dorano-malvesi\/29\/02\/2020\/#breadcrumb\",\"itemListElement\":[{\"@type\":\"ListItem\",\"position\":1,\"name\":\"Accueil\",\"item\":\"https:\/\/tcnarbonne.org\/\"},{\"@type\":\"ListItem\",\"position\":2,\"name\":\"Narbonne : un parterre de parapluies contre les projets d&#8217;Orano-Malv\u00e9si\"}]},{\"@type\":\"WebSite\",\"@id\":\"https:\/\/tcnarbonne.org\/#website\",\"url\":\"https:\/\/tcnarbonne.org\/\",\"name\":\"www.https:\/\/tcnarbonne.org\/\",\"description\":\"Transparence des canaux de la narbonnaise\",\"publisher\":{\"@id\":\"https:\/\/tcnarbonne.org\/#organization\"},\"potentialAction\":[{\"@type\":\"SearchAction\",\"target\":{\"@type\":\"EntryPoint\",\"urlTemplate\":\"https:\/\/tcnarbonne.org\/?s={search_term_string}\"},\"query-input\":\"required name=search_term_string\"}],\"inLanguage\":\"fr-FR\"},{\"@type\":\"Organization\",\"@id\":\"https:\/\/tcnarbonne.org\/#organization\",\"name\":\"www.https:\/\/tcnarbonne.org\/\",\"url\":\"https:\/\/tcnarbonne.org\/\",\"logo\":{\"@type\":\"ImageObject\",\"inLanguage\":\"fr-FR\",\"@id\":\"https:\/\/tcnarbonne.org\/#\/schema\/logo\/image\/\",\"url\":\"https:\/\/tcnarbonne.org\/wp-content\/uploads\/2021\/02\/cropped-logo-TCNA-blanc-1-1.png\",\"contentUrl\":\"https:\/\/tcnarbonne.org\/wp-content\/uploads\/2021\/02\/cropped-logo-TCNA-blanc-1-1.png\",\"width\":306,\"height\":202,\"caption\":\"www.https:\/\/tcnarbonne.org\/\"},\"image\":{\"@id\":\"https:\/\/tcnarbonne.org\/#\/schema\/logo\/image\/\"},\"sameAs\":[\"https:\/\/www.facebook.com\/TCNA-Transparence-des-canaux-de-la-Narbonnaise-325260501232600\/\"]},{\"@type\":\"Person\",\"@id\":\"https:\/\/tcnarbonne.org\/#\/schema\/person\/ae9bc097d422ac157832c85b73102503\",\"name\":\"tcna\",\"image\":{\"@type\":\"ImageObject\",\"inLanguage\":\"fr-FR\",\"@id\":\"https:\/\/tcnarbonne.org\/#\/schema\/person\/image\/\",\"url\":\"https:\/\/secure.gravatar.com\/avatar\/7ed4bba3d6da4ba63526b5317d6ccf26?s=96&d=mm&r=g\",\"contentUrl\":\"https:\/\/secure.gravatar.com\/avatar\/7ed4bba3d6da4ba63526b5317d6ccf26?s=96&d=mm&r=g\",\"caption\":\"tcna\"}}]}<\/script>\n<!-- \/ Yoast SEO plugin. -->","yoast_head_json":{"title":"Narbonne : un parterre de parapluies contre les projets d'Orano-Malv\u00e9si - TCNA NARBONNE","robots":{"index":"index","follow":"follow","max-snippet":"max-snippet:-1","max-image-preview":"max-image-preview:large","max-video-preview":"max-video-preview:-1"},"canonical":"https:\/\/tcnarbonne.org\/index.php\/narbonne-un-parterre-de-parapluies-contre-les-projets-dorano-malvesi\/29\/02\/2020\/","og_locale":"fr_FR","og_type":"article","og_title":"Narbonne : un parterre de parapluies contre les projets d'Orano-Malv\u00e9si - TCNA NARBONNE","og_description":"Plusieurs centaines de personnes se sont retrouv\u00e9es dans le centre de Narbonne ce samedi 29 f\u00e9vrier \u00e0 l&#8217;appel de l&#8217;association TCNA, pour affirmer leur opposition aux projets &#8220;Traitement des nitrates&#8221; et &#8220;NVH&#8221; pr\u00e9vus sur...","og_url":"https:\/\/tcnarbonne.org\/index.php\/narbonne-un-parterre-de-parapluies-contre-les-projets-dorano-malvesi\/29\/02\/2020\/","og_site_name":"TCNA NARBONNE","article_publisher":"https:\/\/www.facebook.com\/TCNA-Transparence-des-canaux-de-la-Narbonnaise-325260501232600\/","article_published_time":"2020-02-29T16:33:26+00:00","article_modified_time":"2020-03-04T17:10:01+00:00","og_image":[{"width":2560,"height":1696,"url":"https:\/\/tcnarbonne.org\/wp-content\/uploads\/2020\/02\/parapluie-scaled.jpg","type":"image\/jpeg"}],"author":"tcna","twitter_card":"summary_large_image","twitter_misc":{"\u00c9crit par":"tcna","Dur\u00e9e de lecture estim\u00e9e":"1 minute"},"schema":{"@context":"https:\/\/schema.org","@graph":[{"@type":"Article","@id":"https:\/\/tcnarbonne.org\/index.php\/narbonne-un-parterre-de-parapluies-contre-les-projets-dorano-malvesi\/29\/02\/2020\/#article","isPartOf":{"@id":"https:\/\/tcnarbonne.org\/index.php\/narbonne-un-parterre-de-parapluies-contre-les-projets-dorano-malvesi\/29\/02\/2020\/"},"author":{"name":"tcna","@id":"https:\/\/tcnarbonne.org\/#\/schema\/person\/ae9bc097d422ac157832c85b73102503"},"headline":"Narbonne : un parterre de parapluies contre les projets d&#8217;Orano-Malv\u00e9si","datePublished":"2020-02-29T16:33:26+00:00","dateModified":"2020-03-04T17:10:01+00:00","mainEntityOfPage":{"@id":"https:\/\/tcnarbonne.org\/index.php\/narbonne-un-parterre-de-parapluies-contre-les-projets-dorano-malvesi\/29\/02\/2020\/"},"wordCount":261,"publisher":{"@id":"https:\/\/tcnarbonne.org\/#organization"},"keywords":["cancer","d\u00e9chets radioactifs","erwin","experimental","explosif","hydirg\u00e8ne","idaho falls","IWTU","municipales2020","nucleaire","nvh","Opposition","orano","orano malvesi","tdn","thor"],"articleSection":["alternatiba","areva-comurhex","commission europ\u00e9enne","conf\u00e9d\u00e9ration paysanne de l'aude","covidem","criirad","d\u00e9chets nucl\u00e9aires","dossier sp\u00e9cial nucl\u00e9aire occitanie","Etienne Ambroselli","familles papillon","France3","grand narbonne","greenpeace","ind\u00e9pendant","industrie nucl\u00e9aire","midi libre","municipales 2020","narbonne","NOx","nvh","occitanie","orano","orano malvesi","plutonium","pollution","r\u00e9seau sortir du nucl\u00e9aire","ressources\/documents","sdn11","THOR\/TDN","uranium"],"inLanguage":"fr-FR"},{"@type":"WebPage","@id":"https:\/\/tcnarbonne.org\/index.php\/narbonne-un-parterre-de-parapluies-contre-les-projets-dorano-malvesi\/29\/02\/2020\/","url":"https:\/\/tcnarbonne.org\/index.php\/narbonne-un-parterre-de-parapluies-contre-les-projets-dorano-malvesi\/29\/02\/2020\/","name":"Narbonne : un parterre de parapluies contre les projets d'Orano-Malv\u00e9si - TCNA NARBONNE","isPartOf":{"@id":"https:\/\/tcnarbonne.org\/#website"},"datePublished":"2020-02-29T16:33:26+00:00","dateModified":"2020-03-04T17:10:01+00:00","breadcrumb":{"@id":"https:\/\/tcnarbonne.org\/index.php\/narbonne-un-parterre-de-parapluies-contre-les-projets-dorano-malvesi\/29\/02\/2020\/#breadcrumb"},"inLanguage":"fr-FR","potentialAction":[{"@type":"ReadAction","target":["https:\/\/tcnarbonne.org\/index.php\/narbonne-un-parterre-de-parapluies-contre-les-projets-dorano-malvesi\/29\/02\/2020\/"]}]},{"@type":"BreadcrumbList","@id":"https:\/\/tcnarbonne.org\/index.php\/narbonne-un-parterre-de-parapluies-contre-les-projets-dorano-malvesi\/29\/02\/2020\/#breadcrumb","itemListElement":[{"@type":"ListItem","position":1,"name":"Accueil","item":"https:\/\/tcnarbonne.org\/"},{"@type":"ListItem","position":2,"name":"Narbonne : un parterre de parapluies contre les projets d&#8217;Orano-Malv\u00e9si"}]},{"@type":"WebSite","@id":"https:\/\/tcnarbonne.org\/#website","url":"https:\/\/tcnarbonne.org\/","name":"www.https:\/\/tcnarbonne.org\/","description":"Transparence des canaux de la narbonnaise","publisher":{"@id":"https:\/\/tcnarbonne.org\/#organization"},"potentialAction":[{"@type":"SearchAction","target":{"@type":"EntryPoint","urlTemplate":"https:\/\/tcnarbonne.org\/?s={search_term_string}"},"query-input":"required name=search_term_string"}],"inLanguage":"fr-FR"},{"@type":"Organization","@id":"https:\/\/tcnarbonne.org\/#organization","name":"www.https:\/\/tcnarbonne.org\/","url":"https:\/\/tcnarbonne.org\/","logo":{"@type":"ImageObject","inLanguage":"fr-FR","@id":"https:\/\/tcnarbonne.org\/#\/schema\/logo\/image\/","url":"https:\/\/tcnarbonne.org\/wp-content\/uploads\/2021\/02\/cropped-logo-TCNA-blanc-1-1.png","contentUrl":"https:\/\/tcnarbonne.org\/wp-content\/uploads\/2021\/02\/cropped-logo-TCNA-blanc-1-1.png","width":306,"height":202,"caption":"www.https:\/\/tcnarbonne.org\/"},"image":{"@id":"https:\/\/tcnarbonne.org\/#\/schema\/logo\/image\/"},"sameAs":["https:\/\/www.facebook.com\/TCNA-Transparence-des-canaux-de-la-Narbonnaise-325260501232600\/"]},{"@type":"Person","@id":"https:\/\/tcnarbonne.org\/#\/schema\/person\/ae9bc097d422ac157832c85b73102503","name":"tcna","image":{"@type":"ImageObject","inLanguage":"fr-FR","@id":"https:\/\/tcnarbonne.org\/#\/schema\/person\/image\/","url":"https:\/\/secure.gravatar.com\/avatar\/7ed4bba3d6da4ba63526b5317d6ccf26?s=96&d=mm&r=g","contentUrl":"https:\/\/secure.gravatar.com\/avatar\/7ed4bba3d6da4ba63526b5317d6ccf26?s=96&d=mm&r=g","caption":"tcna"}}]}},"_links":{"self":[{"href":"https:\/\/tcnarbonne.org\/index.php\/wp-json\/wp\/v2\/posts\/3775"}],"collection":[{"href":"https:\/\/tcnarbonne.org\/index.php\/wp-json\/wp\/v2\/posts"}],"about":[{"href":"https:\/\/tcnarbonne.org\/index.php\/wp-json\/wp\/v2\/types\/post"}],"author":[{"embeddable":true,"href":"https:\/\/tcnarbonne.org\/index.php\/wp-json\/wp\/v2\/users\/1"}],"replies":[{"embeddable":true,"href":"https:\/\/tcnarbonne.org\/index.php\/wp-json\/wp\/v2\/comments?post=3775"}],"version-history":[{"count":2,"href":"https:\/\/tcnarbonne.org\/index.php\/wp-json\/wp\/v2\/posts\/3775\/revisions"}],"predecessor-version":[{"id":3779,"href":"https:\/\/tcnarbonne.org\/index.php\/wp-json\/wp\/v2\/posts\/3775\/revisions\/3779"}],"wp:featuredmedia":[{"embeddable":true,"href":"https:\/\/tcnarbonne.org\/index.php\/wp-json\/wp\/v2\/media\/3778"}],"wp:attachment":[{"href":"https:\/\/tcnarbonne.org\/index.php\/wp-json\/wp\/v2\/media?parent=3775"}],"wp:term":[{"taxonomy":"category","embeddable":true,"href":"https:\/\/tcnarbonne.org\/index.php\/wp-json\/wp\/v2\/categories?post=3775"},{"taxonomy":"post_tag","embeddable":true,"href":"https:\/\/tcnarbonne.org\/index.php\/wp-json\/wp\/v2\/tags?post=3775"}],"curies":[{"name":"wp","href":"https:\/\/api.w.org\/{rel}","templated":true}]}}