{"id":3769,"date":"2020-02-27T19:09:02","date_gmt":"2020-02-27T18:09:02","guid":{"rendered":"http:\/\/tcnarbonne.org\/?p=3769"},"modified":"2020-02-29T19:24:57","modified_gmt":"2020-02-29T18:24:57","slug":"on-est-alles-a-bure-voir-les-habitants-opposes-a-lenfouissement-des-dechets-nucleaires","status":"publish","type":"post","link":"https:\/\/tcnarbonne.org\/index.php\/on-est-alles-a-bure-voir-les-habitants-opposes-a-lenfouissement-des-dechets-nucleaires\/27\/02\/2020\/","title":{"rendered":"On est all\u00e9s \u00e0 Bure voir les habitants oppos\u00e9s \u00e0 l&#8217;enfouissement des d\u00e9chets nucl\u00e9aires"},"content":{"rendered":"\n<iframe loading=\"lazy\" width=\"560\" height=\"315\" src=\"https:\/\/www.youtube.com\/embed\/whug5Jziglk\" frameborder=\"0\" allow=\"accelerometer; autoplay; encrypted-media; gyroscope; picture-in-picture\" allowfullscreen=\"\"><\/iframe>\n\n\n\n<p>Source originale: Huffington Post<\/p>\n\n\n\n<h2 class=\"wp-block-heading\">Il s&#8217;agit d&#8217;enfouir \u00e0 500 m\u00e8tres sous terre des d\u00e9chets nucl\u00e9aires dont la dur\u00e9e de vie avoisine les 100.000 ans.<\/h2>\n\n\n\n<ul><li>R\u00e9daction Le HuffPost avec AFP<\/li><\/ul>\n\n\n\n<p>BURE &#8211; Le projet Cig\u00e9o d&#8217;enfouissement des d\u00e9chets nucl\u00e9aires \u00e0 Bure (Meuse), contre lequel se battent les opposants&nbsp;<a href=\"https:\/\/www.huffingtonpost.fr\/2018\/02\/22\/evacuation-de-la-zad-de-bure-les-opposants-au-projet-denfouissement-de-dechets-nucleaires-deloges_a_23368040\/?utm_hp_ref=fr-homepage\" target=\"_blank\" rel=\"noreferrer noopener\">expuls\u00e9s du site par la gendarmerie ce jeudi 22 f\u00e9vrier<\/a>, consiste \u00e0 enfouir \u00e0 500 m\u00e8tres sous terre des d\u00e9chets nucl\u00e9aires tr\u00e8s radioactifs ou \u00e0 vie longue.<\/p>\n\n\n\n<h2 class=\"wp-block-heading\">Les origines du projet<\/h2>\n\n\n\n<p>Apr\u00e8s le vote en 1991 de la Loi Bataille, qui d\u00e9finit un calendrier pour g\u00e9rer \u00e0 long terme les d\u00e9chets radioactifs, plusieurs options et sites sont \u00e9tudi\u00e9es &#8211; dans la Vienne, le Gard, et en Meuse et Haute-Marne. D\u00e8s 1998, c&#8217;est le site Meuse-Haute-Marne qui est choisi pour l&#8217;implantation d&#8217;un laboratoire souterrain, dont la construction commence deux ans apr\u00e8s.<\/p>\n\n\n\n<p>En 2006, une loi, compl\u00e9t\u00e9e en 2016, retient la solution du stockage r\u00e9versible en couche g\u00e9ologique profonde comme solution, et donne un calendrier indicatif.<\/p>\n\n\n\n<h2 class=\"wp-block-heading\">Quels d\u00e9chets sont concern\u00e9s ?<\/h2>\n\n\n\n<p>Cig\u00e9o se pr\u00e9pare \u00e0 accueillir 80.000 m3 de d\u00e9chets: 10.000 m3 de d\u00e9chets hautement radioactifs, dits de haute activit\u00e9 (HA) et 70.000 de d\u00e9chets de moyenne activit\u00e9 \u00e0 vie longue (MA-VL).<\/p>\n\n\n\n<p>S&#8217;ils repr\u00e9sentent, selon l&#8217;Autorit\u00e9 de suret\u00e9 du nucl\u00e9aire (ASN), moins de 10% de la totalit\u00e9 des d\u00e9chets produits, ils forment plus de 99% de la radioactivit\u00e9 totale, et leur dur\u00e9e de vie avoisine les 100.000 ans.<\/p>\n\n\n\n<p>Ces estimations sont fond\u00e9es sur une prolongation de 10 ans de la dur\u00e9e de vie des centrales nucl\u00e9aires fran\u00e7aises et prennent en compte l&#8217;EPR de Flamanville ainsi que l&#8217;ITER.<\/p>\n\n\n\n<p>Pour l&#8217;instant, les d\u00e9chets d\u00e9j\u00e0 produits sont stock\u00e9s sur le site d&#8217;Areva \u00e0 La Hague (Manche).<\/p>\n\n\n\n<h2 class=\"wp-block-heading\">Comment seront stock\u00e9s les d\u00e9chets<\/h2>\n\n\n\n<p>Les d\u00e9chets seront vitrifi\u00e9s, afin d&#8217;enfermer la mati\u00e8re radioactive dans du verre, puis ins\u00e9r\u00e9s dans de gros cylindres m\u00e9talliques \u00e0 La Hague, o\u00f9 ils devront passer 40 \u00e0 50 ans afin de refroidir suffisamment pour \u00eatre entrepos\u00e9s en sous-sol.<\/p>\n\n\n\n<p>Ils seront ensuite transport\u00e9s en train jusqu&#8217;\u00e0 Bure, o\u00f9 ils passeront par une &#8220;descenderie&#8221;, un tunnel en pente \u00e0 12%, sur 5 km, qui les m\u00e8nera 490 m sous terre. L\u00e0, chaque &#8220;colis&#8221;, de 500 \u00e0 600 kg pi\u00e8ce, sera entrepos\u00e9 dans des tunnels.<\/p>\n\n\n\n<p>En janvier dernier, l&#8217;Autorit\u00e9 de suret\u00e9 nucl\u00e9aire a demand\u00e9 \u00e0 l&#8217;Andra de revoir sa copie concernant les d\u00e9chets bitumineux. <strong>Ces boues radioactives conditionn\u00e9es dans du bitume (environ 18% de l&#8217;ensemble des d\u00e9chets qui seront stock\u00e9s) sont tr\u00e8s inflammables.<\/strong><\/p>\n\n\n\n<h2 class=\"wp-block-heading\">Les prochaines \u00e9tapes<\/h2>\n\n\n\n<p>2019: l&#8217;Andra d\u00e9pose la demande d&#8217;autorisation de cr\u00e9ation du centre de stockage. Initialement, l&#8217;Agence avait pr\u00e9vu de d\u00e9poser cette demande en 2018.<\/p>\n\n\n\n<p>2022: si le d\u00e9cret d&#8217;autorisation est publi\u00e9, d\u00e9but des travaux de construction (au lieu de 2021 initialement pr\u00e9vu).<\/p>\n\n\n\n<p>2025: d\u00e9marrage de l&#8217;installation par une phase pilote, avec des colis factices, pendant environ deux ans.<\/p>\n\n\n\n<p>2030\/2035: arriv\u00e9e des premiers d\u00e9chets radioactifs, apr\u00e8s un n\u00e9cessaire feu vert du Parlement.<\/p>\n\n\n\n<p>2130\/2140: le centre de stockage peut \u00eatre scell\u00e9, une fois la p\u00e9riode de r\u00e9versibilit\u00e9 de 100 ans \u00e9coul\u00e9e.<\/p>\n\n\n\n<p> <a href=\"https:\/\/www.youtube.com\/results?search_query=%23municipales\">#municipales<\/a> <a href=\"https:\/\/www.youtube.com\/results?search_query=%23reportage\">#reportage<\/a><\/p>\n\n\n","protected":false},"excerpt":{"rendered":"<p>Source originale: Huffington Post Il s&#8217;agit d&#8217;enfouir \u00e0 500 m\u00e8tres sous terre des d\u00e9chets nucl\u00e9aires dont la dur\u00e9e de vie avoisine les 100.000 ans. R\u00e9daction Le HuffPost avec AFP BURE &#8211; Le projet Cig\u00e9o&#8230;<\/p>\n","protected":false},"author":1,"featured_media":3772,"comment_status":"closed","ping_status":"closed","sticky":false,"template":"","format":"standard","meta":{"ngg_post_thumbnail":0,"footnotes":""},"categories":[882,56,886,884,752,383,398,494,830,834,86,692,885,883,609,729,54,856,4],"tags":[868,821,863,428,865,866,867,27,864,859,9,58,610],"yoast_head":"<!-- This site is optimized with the Yoast SEO plugin v21.1 - https:\/\/yoast.com\/wordpress\/plugins\/seo\/ -->\n<title>On est all\u00e9s \u00e0 Bure voir les habitants oppos\u00e9s \u00e0 l&#039;enfouissement des d\u00e9chets nucl\u00e9aires - TCNA NARBONNE<\/title>\n<meta name=\"robots\" content=\"index, follow, max-snippet:-1, max-image-preview:large, max-video-preview:-1\" \/>\n<link rel=\"canonical\" href=\"https:\/\/tcnarbonne.org\/index.php\/on-est-alles-a-bure-voir-les-habitants-opposes-a-lenfouissement-des-dechets-nucleaires\/27\/02\/2020\/\" \/>\n<meta property=\"og:locale\" content=\"fr_FR\" \/>\n<meta property=\"og:type\" content=\"article\" \/>\n<meta property=\"og:title\" content=\"On est all\u00e9s \u00e0 Bure voir les habitants oppos\u00e9s \u00e0 l&#039;enfouissement des d\u00e9chets nucl\u00e9aires - TCNA NARBONNE\" \/>\n<meta property=\"og:description\" content=\"Source originale: Huffington Post Il s&#8217;agit d&#8217;enfouir \u00e0 500 m\u00e8tres sous terre des d\u00e9chets nucl\u00e9aires dont la dur\u00e9e de vie avoisine les 100.000 ans. R\u00e9daction Le HuffPost avec AFP BURE &#8211; Le projet Cig\u00e9o...\" \/>\n<meta property=\"og:url\" content=\"https:\/\/tcnarbonne.org\/index.php\/on-est-alles-a-bure-voir-les-habitants-opposes-a-lenfouissement-des-dechets-nucleaires\/27\/02\/2020\/\" \/>\n<meta property=\"og:site_name\" content=\"TCNA NARBONNE\" \/>\n<meta property=\"article:publisher\" content=\"https:\/\/www.facebook.com\/TCNA-Transparence-des-canaux-de-la-Narbonnaise-325260501232600\/\" \/>\n<meta property=\"article:published_time\" content=\"2020-02-27T18:09:02+00:00\" \/>\n<meta property=\"article:modified_time\" content=\"2020-02-29T18:24:57+00:00\" \/>\n<meta property=\"og:image\" content=\"https:\/\/tcnarbonne.org\/wp-content\/uploads\/2020\/02\/cigeo.jpg\" \/>\n\t<meta property=\"og:image:width\" content=\"630\" \/>\n\t<meta property=\"og:image:height\" content=\"315\" \/>\n\t<meta property=\"og:image:type\" content=\"image\/jpeg\" \/>\n<meta name=\"author\" content=\"tcna\" \/>\n<meta name=\"twitter:card\" content=\"summary_large_image\" \/>\n<meta name=\"twitter:label1\" content=\"\u00c9crit par\" \/>\n\t<meta name=\"twitter:data1\" content=\"tcna\" \/>\n\t<meta name=\"twitter:label2\" content=\"Dur\u00e9e de lecture estim\u00e9e\" \/>\n\t<meta name=\"twitter:data2\" content=\"3 minutes\" \/>\n<script type=\"application\/ld+json\" class=\"yoast-schema-graph\">{\"@context\":\"https:\/\/schema.org\",\"@graph\":[{\"@type\":\"Article\",\"@id\":\"https:\/\/tcnarbonne.org\/index.php\/on-est-alles-a-bure-voir-les-habitants-opposes-a-lenfouissement-des-dechets-nucleaires\/27\/02\/2020\/#article\",\"isPartOf\":{\"@id\":\"https:\/\/tcnarbonne.org\/index.php\/on-est-alles-a-bure-voir-les-habitants-opposes-a-lenfouissement-des-dechets-nucleaires\/27\/02\/2020\/\"},\"author\":{\"name\":\"tcna\",\"@id\":\"https:\/\/tcnarbonne.org\/#\/schema\/person\/ae9bc097d422ac157832c85b73102503\"},\"headline\":\"On est all\u00e9s \u00e0 Bure voir les habitants oppos\u00e9s \u00e0 l&#8217;enfouissement des d\u00e9chets nucl\u00e9aires\",\"datePublished\":\"2020-02-27T18:09:02+00:00\",\"dateModified\":\"2020-02-29T18:24:57+00:00\",\"mainEntityOfPage\":{\"@id\":\"https:\/\/tcnarbonne.org\/index.php\/on-est-alles-a-bure-voir-les-habitants-opposes-a-lenfouissement-des-dechets-nucleaires\/27\/02\/2020\/\"},\"wordCount\":543,\"publisher\":{\"@id\":\"https:\/\/tcnarbonne.org\/#organization\"},\"keywords\":[\"andra\",\"Bure\",\"cigeo\",\"d\u00e9chets radioactifs\",\"enfouissement\",\"huffington post\",\"la hague\",\"malvesi\",\"meuse\",\"municipales2020\",\"narbonne\",\"nucleaire\",\"orano\"],\"articleSection\":[\"ANDRA\",\"areva\",\"BURE\",\"CIGEO\",\"commission europ\u00e9enne\",\"criirad\",\"d\u00e9chets nucl\u00e9aires\",\"dossier sp\u00e9cial nucl\u00e9aire occitanie\",\"Etienne Ambroselli\",\"industrie nucl\u00e9aire\",\"irsn\",\"Justice\",\"LOI BATAILLE\",\"MEUSE\",\"orano\",\"pollution\",\"presse\",\"r\u00e9seau sortir du nucl\u00e9aire\",\"ressources\/documents\"],\"inLanguage\":\"fr-FR\"},{\"@type\":\"WebPage\",\"@id\":\"https:\/\/tcnarbonne.org\/index.php\/on-est-alles-a-bure-voir-les-habitants-opposes-a-lenfouissement-des-dechets-nucleaires\/27\/02\/2020\/\",\"url\":\"https:\/\/tcnarbonne.org\/index.php\/on-est-alles-a-bure-voir-les-habitants-opposes-a-lenfouissement-des-dechets-nucleaires\/27\/02\/2020\/\",\"name\":\"On est all\u00e9s \u00e0 Bure voir les habitants oppos\u00e9s \u00e0 l'enfouissement des d\u00e9chets nucl\u00e9aires - TCNA NARBONNE\",\"isPartOf\":{\"@id\":\"https:\/\/tcnarbonne.org\/#website\"},\"datePublished\":\"2020-02-27T18:09:02+00:00\",\"dateModified\":\"2020-02-29T18:24:57+00:00\",\"breadcrumb\":{\"@id\":\"https:\/\/tcnarbonne.org\/index.php\/on-est-alles-a-bure-voir-les-habitants-opposes-a-lenfouissement-des-dechets-nucleaires\/27\/02\/2020\/#breadcrumb\"},\"inLanguage\":\"fr-FR\",\"potentialAction\":[{\"@type\":\"ReadAction\",\"target\":[\"https:\/\/tcnarbonne.org\/index.php\/on-est-alles-a-bure-voir-les-habitants-opposes-a-lenfouissement-des-dechets-nucleaires\/27\/02\/2020\/\"]}]},{\"@type\":\"BreadcrumbList\",\"@id\":\"https:\/\/tcnarbonne.org\/index.php\/on-est-alles-a-bure-voir-les-habitants-opposes-a-lenfouissement-des-dechets-nucleaires\/27\/02\/2020\/#breadcrumb\",\"itemListElement\":[{\"@type\":\"ListItem\",\"position\":1,\"name\":\"Accueil\",\"item\":\"https:\/\/tcnarbonne.org\/\"},{\"@type\":\"ListItem\",\"position\":2,\"name\":\"On est all\u00e9s \u00e0 Bure voir les habitants oppos\u00e9s \u00e0 l&#8217;enfouissement des d\u00e9chets nucl\u00e9aires\"}]},{\"@type\":\"WebSite\",\"@id\":\"https:\/\/tcnarbonne.org\/#website\",\"url\":\"https:\/\/tcnarbonne.org\/\",\"name\":\"www.https:\/\/tcnarbonne.org\/\",\"description\":\"Transparence des canaux de la narbonnaise\",\"publisher\":{\"@id\":\"https:\/\/tcnarbonne.org\/#organization\"},\"potentialAction\":[{\"@type\":\"SearchAction\",\"target\":{\"@type\":\"EntryPoint\",\"urlTemplate\":\"https:\/\/tcnarbonne.org\/?s={search_term_string}\"},\"query-input\":\"required name=search_term_string\"}],\"inLanguage\":\"fr-FR\"},{\"@type\":\"Organization\",\"@id\":\"https:\/\/tcnarbonne.org\/#organization\",\"name\":\"www.https:\/\/tcnarbonne.org\/\",\"url\":\"https:\/\/tcnarbonne.org\/\",\"logo\":{\"@type\":\"ImageObject\",\"inLanguage\":\"fr-FR\",\"@id\":\"https:\/\/tcnarbonne.org\/#\/schema\/logo\/image\/\",\"url\":\"https:\/\/tcnarbonne.org\/wp-content\/uploads\/2021\/02\/cropped-logo-TCNA-blanc-1-1.png\",\"contentUrl\":\"https:\/\/tcnarbonne.org\/wp-content\/uploads\/2021\/02\/cropped-logo-TCNA-blanc-1-1.png\",\"width\":306,\"height\":202,\"caption\":\"www.https:\/\/tcnarbonne.org\/\"},\"image\":{\"@id\":\"https:\/\/tcnarbonne.org\/#\/schema\/logo\/image\/\"},\"sameAs\":[\"https:\/\/www.facebook.com\/TCNA-Transparence-des-canaux-de-la-Narbonnaise-325260501232600\/\"]},{\"@type\":\"Person\",\"@id\":\"https:\/\/tcnarbonne.org\/#\/schema\/person\/ae9bc097d422ac157832c85b73102503\",\"name\":\"tcna\",\"image\":{\"@type\":\"ImageObject\",\"inLanguage\":\"fr-FR\",\"@id\":\"https:\/\/tcnarbonne.org\/#\/schema\/person\/image\/\",\"url\":\"https:\/\/secure.gravatar.com\/avatar\/7ed4bba3d6da4ba63526b5317d6ccf26?s=96&d=mm&r=g\",\"contentUrl\":\"https:\/\/secure.gravatar.com\/avatar\/7ed4bba3d6da4ba63526b5317d6ccf26?s=96&d=mm&r=g\",\"caption\":\"tcna\"}}]}<\/script>\n<!-- \/ Yoast SEO plugin. -->","yoast_head_json":{"title":"On est all\u00e9s \u00e0 Bure voir les habitants oppos\u00e9s \u00e0 l'enfouissement des d\u00e9chets nucl\u00e9aires - TCNA NARBONNE","robots":{"index":"index","follow":"follow","max-snippet":"max-snippet:-1","max-image-preview":"max-image-preview:large","max-video-preview":"max-video-preview:-1"},"canonical":"https:\/\/tcnarbonne.org\/index.php\/on-est-alles-a-bure-voir-les-habitants-opposes-a-lenfouissement-des-dechets-nucleaires\/27\/02\/2020\/","og_locale":"fr_FR","og_type":"article","og_title":"On est all\u00e9s \u00e0 Bure voir les habitants oppos\u00e9s \u00e0 l'enfouissement des d\u00e9chets nucl\u00e9aires - TCNA NARBONNE","og_description":"Source originale: Huffington Post Il s&#8217;agit d&#8217;enfouir \u00e0 500 m\u00e8tres sous terre des d\u00e9chets nucl\u00e9aires dont la dur\u00e9e de vie avoisine les 100.000 ans. R\u00e9daction Le HuffPost avec AFP BURE &#8211; Le projet Cig\u00e9o...","og_url":"https:\/\/tcnarbonne.org\/index.php\/on-est-alles-a-bure-voir-les-habitants-opposes-a-lenfouissement-des-dechets-nucleaires\/27\/02\/2020\/","og_site_name":"TCNA NARBONNE","article_publisher":"https:\/\/www.facebook.com\/TCNA-Transparence-des-canaux-de-la-Narbonnaise-325260501232600\/","article_published_time":"2020-02-27T18:09:02+00:00","article_modified_time":"2020-02-29T18:24:57+00:00","og_image":[{"width":630,"height":315,"url":"https:\/\/tcnarbonne.org\/wp-content\/uploads\/2020\/02\/cigeo.jpg","type":"image\/jpeg"}],"author":"tcna","twitter_card":"summary_large_image","twitter_misc":{"\u00c9crit par":"tcna","Dur\u00e9e de lecture estim\u00e9e":"3 minutes"},"schema":{"@context":"https:\/\/schema.org","@graph":[{"@type":"Article","@id":"https:\/\/tcnarbonne.org\/index.php\/on-est-alles-a-bure-voir-les-habitants-opposes-a-lenfouissement-des-dechets-nucleaires\/27\/02\/2020\/#article","isPartOf":{"@id":"https:\/\/tcnarbonne.org\/index.php\/on-est-alles-a-bure-voir-les-habitants-opposes-a-lenfouissement-des-dechets-nucleaires\/27\/02\/2020\/"},"author":{"name":"tcna","@id":"https:\/\/tcnarbonne.org\/#\/schema\/person\/ae9bc097d422ac157832c85b73102503"},"headline":"On est all\u00e9s \u00e0 Bure voir les habitants oppos\u00e9s \u00e0 l&#8217;enfouissement des d\u00e9chets nucl\u00e9aires","datePublished":"2020-02-27T18:09:02+00:00","dateModified":"2020-02-29T18:24:57+00:00","mainEntityOfPage":{"@id":"https:\/\/tcnarbonne.org\/index.php\/on-est-alles-a-bure-voir-les-habitants-opposes-a-lenfouissement-des-dechets-nucleaires\/27\/02\/2020\/"},"wordCount":543,"publisher":{"@id":"https:\/\/tcnarbonne.org\/#organization"},"keywords":["andra","Bure","cigeo","d\u00e9chets radioactifs","enfouissement","huffington post","la hague","malvesi","meuse","municipales2020","narbonne","nucleaire","orano"],"articleSection":["ANDRA","areva","BURE","CIGEO","commission europ\u00e9enne","criirad","d\u00e9chets nucl\u00e9aires","dossier sp\u00e9cial nucl\u00e9aire occitanie","Etienne Ambroselli","industrie nucl\u00e9aire","irsn","Justice","LOI BATAILLE","MEUSE","orano","pollution","presse","r\u00e9seau sortir du nucl\u00e9aire","ressources\/documents"],"inLanguage":"fr-FR"},{"@type":"WebPage","@id":"https:\/\/tcnarbonne.org\/index.php\/on-est-alles-a-bure-voir-les-habitants-opposes-a-lenfouissement-des-dechets-nucleaires\/27\/02\/2020\/","url":"https:\/\/tcnarbonne.org\/index.php\/on-est-alles-a-bure-voir-les-habitants-opposes-a-lenfouissement-des-dechets-nucleaires\/27\/02\/2020\/","name":"On est all\u00e9s \u00e0 Bure voir les habitants oppos\u00e9s \u00e0 l'enfouissement des d\u00e9chets nucl\u00e9aires - TCNA NARBONNE","isPartOf":{"@id":"https:\/\/tcnarbonne.org\/#website"},"datePublished":"2020-02-27T18:09:02+00:00","dateModified":"2020-02-29T18:24:57+00:00","breadcrumb":{"@id":"https:\/\/tcnarbonne.org\/index.php\/on-est-alles-a-bure-voir-les-habitants-opposes-a-lenfouissement-des-dechets-nucleaires\/27\/02\/2020\/#breadcrumb"},"inLanguage":"fr-FR","potentialAction":[{"@type":"ReadAction","target":["https:\/\/tcnarbonne.org\/index.php\/on-est-alles-a-bure-voir-les-habitants-opposes-a-lenfouissement-des-dechets-nucleaires\/27\/02\/2020\/"]}]},{"@type":"BreadcrumbList","@id":"https:\/\/tcnarbonne.org\/index.php\/on-est-alles-a-bure-voir-les-habitants-opposes-a-lenfouissement-des-dechets-nucleaires\/27\/02\/2020\/#breadcrumb","itemListElement":[{"@type":"ListItem","position":1,"name":"Accueil","item":"https:\/\/tcnarbonne.org\/"},{"@type":"ListItem","position":2,"name":"On est all\u00e9s \u00e0 Bure voir les habitants oppos\u00e9s \u00e0 l&#8217;enfouissement des d\u00e9chets nucl\u00e9aires"}]},{"@type":"WebSite","@id":"https:\/\/tcnarbonne.org\/#website","url":"https:\/\/tcnarbonne.org\/","name":"www.https:\/\/tcnarbonne.org\/","description":"Transparence des canaux de la narbonnaise","publisher":{"@id":"https:\/\/tcnarbonne.org\/#organization"},"potentialAction":[{"@type":"SearchAction","target":{"@type":"EntryPoint","urlTemplate":"https:\/\/tcnarbonne.org\/?s={search_term_string}"},"query-input":"required name=search_term_string"}],"inLanguage":"fr-FR"},{"@type":"Organization","@id":"https:\/\/tcnarbonne.org\/#organization","name":"www.https:\/\/tcnarbonne.org\/","url":"https:\/\/tcnarbonne.org\/","logo":{"@type":"ImageObject","inLanguage":"fr-FR","@id":"https:\/\/tcnarbonne.org\/#\/schema\/logo\/image\/","url":"https:\/\/tcnarbonne.org\/wp-content\/uploads\/2021\/02\/cropped-logo-TCNA-blanc-1-1.png","contentUrl":"https:\/\/tcnarbonne.org\/wp-content\/uploads\/2021\/02\/cropped-logo-TCNA-blanc-1-1.png","width":306,"height":202,"caption":"www.https:\/\/tcnarbonne.org\/"},"image":{"@id":"https:\/\/tcnarbonne.org\/#\/schema\/logo\/image\/"},"sameAs":["https:\/\/www.facebook.com\/TCNA-Transparence-des-canaux-de-la-Narbonnaise-325260501232600\/"]},{"@type":"Person","@id":"https:\/\/tcnarbonne.org\/#\/schema\/person\/ae9bc097d422ac157832c85b73102503","name":"tcna","image":{"@type":"ImageObject","inLanguage":"fr-FR","@id":"https:\/\/tcnarbonne.org\/#\/schema\/person\/image\/","url":"https:\/\/secure.gravatar.com\/avatar\/7ed4bba3d6da4ba63526b5317d6ccf26?s=96&d=mm&r=g","contentUrl":"https:\/\/secure.gravatar.com\/avatar\/7ed4bba3d6da4ba63526b5317d6ccf26?s=96&d=mm&r=g","caption":"tcna"}}]}},"_links":{"self":[{"href":"https:\/\/tcnarbonne.org\/index.php\/wp-json\/wp\/v2\/posts\/3769"}],"collection":[{"href":"https:\/\/tcnarbonne.org\/index.php\/wp-json\/wp\/v2\/posts"}],"about":[{"href":"https:\/\/tcnarbonne.org\/index.php\/wp-json\/wp\/v2\/types\/post"}],"author":[{"embeddable":true,"href":"https:\/\/tcnarbonne.org\/index.php\/wp-json\/wp\/v2\/users\/1"}],"replies":[{"embeddable":true,"href":"https:\/\/tcnarbonne.org\/index.php\/wp-json\/wp\/v2\/comments?post=3769"}],"version-history":[{"count":4,"href":"https:\/\/tcnarbonne.org\/index.php\/wp-json\/wp\/v2\/posts\/3769\/revisions"}],"predecessor-version":[{"id":3774,"href":"https:\/\/tcnarbonne.org\/index.php\/wp-json\/wp\/v2\/posts\/3769\/revisions\/3774"}],"wp:featuredmedia":[{"embeddable":true,"href":"https:\/\/tcnarbonne.org\/index.php\/wp-json\/wp\/v2\/media\/3772"}],"wp:attachment":[{"href":"https:\/\/tcnarbonne.org\/index.php\/wp-json\/wp\/v2\/media?parent=3769"}],"wp:term":[{"taxonomy":"category","embeddable":true,"href":"https:\/\/tcnarbonne.org\/index.php\/wp-json\/wp\/v2\/categories?post=3769"},{"taxonomy":"post_tag","embeddable":true,"href":"https:\/\/tcnarbonne.org\/index.php\/wp-json\/wp\/v2\/tags?post=3769"}],"curies":[{"name":"wp","href":"https:\/\/api.w.org\/{rel}","templated":true}]}}