{"id":3669,"date":"2020-01-20T19:12:34","date_gmt":"2020-01-20T18:12:34","guid":{"rendered":"http:\/\/tcnarbonne.org\/?p=3669"},"modified":"2020-01-20T19:12:35","modified_gmt":"2020-01-20T18:12:35","slug":"aude-lassociation-tcna-salue-le-non-de-narbonne-impulsion-citoyenne-aux-projets-dorano-malvesi","status":"publish","type":"post","link":"https:\/\/tcnarbonne.org\/index.php\/aude-lassociation-tcna-salue-le-non-de-narbonne-impulsion-citoyenne-aux-projets-dorano-malvesi\/20\/01\/2020\/","title":{"rendered":"Aude : l&#8217;association TCNA salue le &#8220;non&#8221; de &#8220;Narbonne Impulsion Citoyenne&#8221; aux projets d&#8217;Orano-Malv\u00e9si"},"content":{"rendered":"\n<p class=\"article-detail-chapeau\">Engag\u00e9s contre les projets de &#8220;traitement des nitrates&#8221; et de fabrication de dioxyde d&#8217;uranium, les b\u00e9n\u00e9voles de &#8220;Transparence des canaux de la Narbonnaise&#8221; ont tenu \u00e0 prendre acte de l&#8217;engagement de Nathalie Delvallez et son \u00e9quipe.<\/p>\n<div class=\"article-detail-formated-text article-paywall p402_premium\">\n<p><em>&#8220;On ne fait pas de politique&#8221;<\/em>, rappelle-t-il d&#8217;embl\u00e9e. Pour autant, Fabrice Hurtado et plusieurs membres de son \u00e9quipe \u00e9taient bien pr\u00e9sents, samedi 18 janvier, \u00e0 la pr\u00e9sentation du groupe &#8220;Narbonne Impulsion Citoyenne&#8221;, engag\u00e9 dans la course aux Municipales. Mais le pr\u00e9sident de&nbsp;&#8220;Transparence des canaux de la Narbonnaise&#8221; (TCNA) pr\u00e9cise : <em>&#8220;Nous sommes venus voir nos adh\u00e9rents&#8221;<\/em>. Parmi lesquels&nbsp;la t\u00eate de liste Nathalie Delvallez.&nbsp;L&#8217;association s&#8217;opposant aux futurs projets de l&#8217;usine Orano-Malvesi, la&nbsp;position de la candidate sur ces dossiers \u00e9tait donc attendue. Elle ne s&#8217;est pas fait attendre.<\/p>\n<p>D\u00e8s samedi, Nathalie Delvallez affirmait en effet&nbsp;que <em>&#8220;les projets de &#8220;Traitement des nitrates&#8221; et de fabrication de dioxyde d&#8217;uranium ne sont&nbsp;pas les bienvenus&#8221;<\/em>. Fabrice Hurtado s&#8217;est f\u00e9licit\u00e9 de ce<em> &#8220;non cat\u00e9gorique&#8221;<\/em>, estimant que <em>&#8220;cette d\u00e9claration courageuse et responsable&nbsp;ne peut \u00eatre qualifi\u00e9e de r\u00e9cup\u00e9ration politique, compte tenu des enjeux&#8221;<\/em>.<\/p>\n<p>Conforme \u00e0 sa philosophie, TCNA n&#8217;apporte pas cependant de soutien officiel et ne lance pas d&#8217;appel au vote : <em>&#8220;Nous sommes venus saluer l&#8217;engagement de ces adh\u00e9rents, leur tirer notre chapeau&#8221;<\/em>. Laissant aux Narbonnais le soin d&#8217;appr\u00e9cier cette prise de position sans \u00e9quivoque.<\/p>\n<p>Source:<\/p>\n<p><a href=\"https:\/\/www.lindependant.fr\/2020\/01\/20\/lassociation-tcna-salue-le-non-de-narbonne-impulsion-citoyenne-aux-projets-dorano-malvesi,8674128.php\">https:\/\/www.lindependant.fr\/2020\/01\/20\/lassociation-tcna-salue-le-non-de-narbonne-impulsion-citoyenne-aux-projets-dorano-malvesi,8674128.php<\/a><\/p>\n<p>&nbsp;<\/p>\n<\/div>\n","protected":false},"excerpt":{"rendered":"<p>Engag\u00e9s contre les projets de &#8220;traitement des nitrates&#8221; et de fabrication de dioxyde d&#8217;uranium, les b\u00e9n\u00e9voles de &#8220;Transparence des canaux de la Narbonnaise&#8221; ont tenu \u00e0 prendre acte de l&#8217;engagement de Nathalie Delvallez et&#8230;<\/p>\n","protected":false},"author":1,"featured_media":3670,"comment_status":"closed","ping_status":"closed","sticky":false,"template":"","format":"standard","meta":{"ngg_post_thumbnail":0,"footnotes":""},"categories":[5,494,166,55,6,613,4],"tags":[688,9,845,846,610],"yoast_head":"<!-- This site is optimized with the Yoast SEO plugin v21.1 - https:\/\/yoast.com\/wordpress\/plugins\/seo\/ -->\n<title>Aude : l&#039;association TCNA salue le &quot;non&quot; de &quot;Narbonne Impulsion Citoyenne&quot; aux projets d&#039;Orano-Malv\u00e9si - TCNA NARBONNE<\/title>\n<meta name=\"robots\" content=\"index, follow, max-snippet:-1, max-image-preview:large, max-video-preview:-1\" \/>\n<link rel=\"canonical\" href=\"https:\/\/tcnarbonne.org\/index.php\/aude-lassociation-tcna-salue-le-non-de-narbonne-impulsion-citoyenne-aux-projets-dorano-malvesi\/20\/01\/2020\/\" \/>\n<meta property=\"og:locale\" content=\"fr_FR\" \/>\n<meta property=\"og:type\" content=\"article\" \/>\n<meta property=\"og:title\" content=\"Aude : l&#039;association TCNA salue le &quot;non&quot; de &quot;Narbonne Impulsion Citoyenne&quot; aux projets d&#039;Orano-Malv\u00e9si - TCNA NARBONNE\" \/>\n<meta property=\"og:description\" content=\"Engag\u00e9s contre les projets de &#8220;traitement des nitrates&#8221; et de fabrication de dioxyde d&#8217;uranium, les b\u00e9n\u00e9voles de &#8220;Transparence des canaux de la Narbonnaise&#8221; ont tenu \u00e0 prendre acte de l&#8217;engagement de Nathalie Delvallez et...\" \/>\n<meta property=\"og:url\" content=\"https:\/\/tcnarbonne.org\/index.php\/aude-lassociation-tcna-salue-le-non-de-narbonne-impulsion-citoyenne-aux-projets-dorano-malvesi\/20\/01\/2020\/\" \/>\n<meta property=\"og:site_name\" content=\"TCNA NARBONNE\" \/>\n<meta property=\"article:publisher\" content=\"https:\/\/www.facebook.com\/TCNA-Transparence-des-canaux-de-la-Narbonnaise-325260501232600\/\" \/>\n<meta property=\"article:published_time\" content=\"2020-01-20T18:12:34+00:00\" \/>\n<meta property=\"article:modified_time\" content=\"2020-01-20T18:12:35+00:00\" \/>\n<meta property=\"og:image\" content=\"https:\/\/tcnarbonne.org\/wp-content\/uploads\/2020\/01\/fabrice.jpg\" \/>\n\t<meta property=\"og:image:width\" content=\"1440\" \/>\n\t<meta property=\"og:image:height\" content=\"2159\" \/>\n\t<meta property=\"og:image:type\" content=\"image\/jpeg\" \/>\n<meta name=\"author\" content=\"tcna\" \/>\n<meta name=\"twitter:card\" content=\"summary_large_image\" \/>\n<meta name=\"twitter:label1\" content=\"\u00c9crit par\" \/>\n\t<meta name=\"twitter:data1\" content=\"tcna\" \/>\n\t<meta name=\"twitter:label2\" content=\"Dur\u00e9e de lecture estim\u00e9e\" \/>\n\t<meta name=\"twitter:data2\" content=\"1 minute\" \/>\n<script type=\"application\/ld+json\" class=\"yoast-schema-graph\">{\"@context\":\"https:\/\/schema.org\",\"@graph\":[{\"@type\":\"Article\",\"@id\":\"https:\/\/tcnarbonne.org\/index.php\/aude-lassociation-tcna-salue-le-non-de-narbonne-impulsion-citoyenne-aux-projets-dorano-malvesi\/20\/01\/2020\/#article\",\"isPartOf\":{\"@id\":\"https:\/\/tcnarbonne.org\/index.php\/aude-lassociation-tcna-salue-le-non-de-narbonne-impulsion-citoyenne-aux-projets-dorano-malvesi\/20\/01\/2020\/\"},\"author\":{\"name\":\"tcna\",\"@id\":\"https:\/\/tcnarbonne.org\/#\/schema\/person\/ae9bc097d422ac157832c85b73102503\"},\"headline\":\"Aude : l&#8217;association TCNA salue le &#8220;non&#8221; de &#8220;Narbonne Impulsion Citoyenne&#8221; aux projets d&#8217;Orano-Malv\u00e9si\",\"datePublished\":\"2020-01-20T18:12:34+00:00\",\"dateModified\":\"2020-01-20T18:12:35+00:00\",\"mainEntityOfPage\":{\"@id\":\"https:\/\/tcnarbonne.org\/index.php\/aude-lassociation-tcna-salue-le-non-de-narbonne-impulsion-citoyenne-aux-projets-dorano-malvesi\/20\/01\/2020\/\"},\"wordCount\":262,\"publisher\":{\"@id\":\"https:\/\/tcnarbonne.org\/#organization\"},\"keywords\":[\"municipales 2020\",\"narbonne\",\"Narbonne Impulsion Citoyenne\",\"Nathalie Delvallez\",\"orano\"],\"articleSection\":[\"areva-comurhex\",\"dossier sp\u00e9cial nucl\u00e9aire occitanie\",\"grand narbonne\",\"ind\u00e9pendant\",\"narbonne\",\"orano malvesi\",\"ressources\/documents\"],\"inLanguage\":\"fr-FR\"},{\"@type\":\"WebPage\",\"@id\":\"https:\/\/tcnarbonne.org\/index.php\/aude-lassociation-tcna-salue-le-non-de-narbonne-impulsion-citoyenne-aux-projets-dorano-malvesi\/20\/01\/2020\/\",\"url\":\"https:\/\/tcnarbonne.org\/index.php\/aude-lassociation-tcna-salue-le-non-de-narbonne-impulsion-citoyenne-aux-projets-dorano-malvesi\/20\/01\/2020\/\",\"name\":\"Aude : l'association TCNA salue le \\\"non\\\" de \\\"Narbonne Impulsion Citoyenne\\\" aux projets d'Orano-Malv\u00e9si - TCNA NARBONNE\",\"isPartOf\":{\"@id\":\"https:\/\/tcnarbonne.org\/#website\"},\"datePublished\":\"2020-01-20T18:12:34+00:00\",\"dateModified\":\"2020-01-20T18:12:35+00:00\",\"breadcrumb\":{\"@id\":\"https:\/\/tcnarbonne.org\/index.php\/aude-lassociation-tcna-salue-le-non-de-narbonne-impulsion-citoyenne-aux-projets-dorano-malvesi\/20\/01\/2020\/#breadcrumb\"},\"inLanguage\":\"fr-FR\",\"potentialAction\":[{\"@type\":\"ReadAction\",\"target\":[\"https:\/\/tcnarbonne.org\/index.php\/aude-lassociation-tcna-salue-le-non-de-narbonne-impulsion-citoyenne-aux-projets-dorano-malvesi\/20\/01\/2020\/\"]}]},{\"@type\":\"BreadcrumbList\",\"@id\":\"https:\/\/tcnarbonne.org\/index.php\/aude-lassociation-tcna-salue-le-non-de-narbonne-impulsion-citoyenne-aux-projets-dorano-malvesi\/20\/01\/2020\/#breadcrumb\",\"itemListElement\":[{\"@type\":\"ListItem\",\"position\":1,\"name\":\"Accueil\",\"item\":\"https:\/\/tcnarbonne.org\/\"},{\"@type\":\"ListItem\",\"position\":2,\"name\":\"Aude : l&#8217;association TCNA salue le &#8220;non&#8221; de &#8220;Narbonne Impulsion Citoyenne&#8221; aux projets d&#8217;Orano-Malv\u00e9si\"}]},{\"@type\":\"WebSite\",\"@id\":\"https:\/\/tcnarbonne.org\/#website\",\"url\":\"https:\/\/tcnarbonne.org\/\",\"name\":\"www.https:\/\/tcnarbonne.org\/\",\"description\":\"Transparence des canaux de la narbonnaise\",\"publisher\":{\"@id\":\"https:\/\/tcnarbonne.org\/#organization\"},\"potentialAction\":[{\"@type\":\"SearchAction\",\"target\":{\"@type\":\"EntryPoint\",\"urlTemplate\":\"https:\/\/tcnarbonne.org\/?s={search_term_string}\"},\"query-input\":\"required name=search_term_string\"}],\"inLanguage\":\"fr-FR\"},{\"@type\":\"Organization\",\"@id\":\"https:\/\/tcnarbonne.org\/#organization\",\"name\":\"www.https:\/\/tcnarbonne.org\/\",\"url\":\"https:\/\/tcnarbonne.org\/\",\"logo\":{\"@type\":\"ImageObject\",\"inLanguage\":\"fr-FR\",\"@id\":\"https:\/\/tcnarbonne.org\/#\/schema\/logo\/image\/\",\"url\":\"https:\/\/tcnarbonne.org\/wp-content\/uploads\/2021\/02\/cropped-logo-TCNA-blanc-1-1.png\",\"contentUrl\":\"https:\/\/tcnarbonne.org\/wp-content\/uploads\/2021\/02\/cropped-logo-TCNA-blanc-1-1.png\",\"width\":306,\"height\":202,\"caption\":\"www.https:\/\/tcnarbonne.org\/\"},\"image\":{\"@id\":\"https:\/\/tcnarbonne.org\/#\/schema\/logo\/image\/\"},\"sameAs\":[\"https:\/\/www.facebook.com\/TCNA-Transparence-des-canaux-de-la-Narbonnaise-325260501232600\/\"]},{\"@type\":\"Person\",\"@id\":\"https:\/\/tcnarbonne.org\/#\/schema\/person\/ae9bc097d422ac157832c85b73102503\",\"name\":\"tcna\",\"image\":{\"@type\":\"ImageObject\",\"inLanguage\":\"fr-FR\",\"@id\":\"https:\/\/tcnarbonne.org\/#\/schema\/person\/image\/\",\"url\":\"https:\/\/secure.gravatar.com\/avatar\/7ed4bba3d6da4ba63526b5317d6ccf26?s=96&d=mm&r=g\",\"contentUrl\":\"https:\/\/secure.gravatar.com\/avatar\/7ed4bba3d6da4ba63526b5317d6ccf26?s=96&d=mm&r=g\",\"caption\":\"tcna\"}}]}<\/script>\n<!-- \/ Yoast SEO plugin. -->","yoast_head_json":{"title":"Aude : l'association TCNA salue le \"non\" de \"Narbonne Impulsion Citoyenne\" aux projets d'Orano-Malv\u00e9si - TCNA NARBONNE","robots":{"index":"index","follow":"follow","max-snippet":"max-snippet:-1","max-image-preview":"max-image-preview:large","max-video-preview":"max-video-preview:-1"},"canonical":"https:\/\/tcnarbonne.org\/index.php\/aude-lassociation-tcna-salue-le-non-de-narbonne-impulsion-citoyenne-aux-projets-dorano-malvesi\/20\/01\/2020\/","og_locale":"fr_FR","og_type":"article","og_title":"Aude : l'association TCNA salue le \"non\" de \"Narbonne Impulsion Citoyenne\" aux projets d'Orano-Malv\u00e9si - TCNA NARBONNE","og_description":"Engag\u00e9s contre les projets de &#8220;traitement des nitrates&#8221; et de fabrication de dioxyde d&#8217;uranium, les b\u00e9n\u00e9voles de &#8220;Transparence des canaux de la Narbonnaise&#8221; ont tenu \u00e0 prendre acte de l&#8217;engagement de Nathalie Delvallez et...","og_url":"https:\/\/tcnarbonne.org\/index.php\/aude-lassociation-tcna-salue-le-non-de-narbonne-impulsion-citoyenne-aux-projets-dorano-malvesi\/20\/01\/2020\/","og_site_name":"TCNA NARBONNE","article_publisher":"https:\/\/www.facebook.com\/TCNA-Transparence-des-canaux-de-la-Narbonnaise-325260501232600\/","article_published_time":"2020-01-20T18:12:34+00:00","article_modified_time":"2020-01-20T18:12:35+00:00","og_image":[{"width":1440,"height":2159,"url":"https:\/\/tcnarbonne.org\/wp-content\/uploads\/2020\/01\/fabrice.jpg","type":"image\/jpeg"}],"author":"tcna","twitter_card":"summary_large_image","twitter_misc":{"\u00c9crit par":"tcna","Dur\u00e9e de lecture estim\u00e9e":"1 minute"},"schema":{"@context":"https:\/\/schema.org","@graph":[{"@type":"Article","@id":"https:\/\/tcnarbonne.org\/index.php\/aude-lassociation-tcna-salue-le-non-de-narbonne-impulsion-citoyenne-aux-projets-dorano-malvesi\/20\/01\/2020\/#article","isPartOf":{"@id":"https:\/\/tcnarbonne.org\/index.php\/aude-lassociation-tcna-salue-le-non-de-narbonne-impulsion-citoyenne-aux-projets-dorano-malvesi\/20\/01\/2020\/"},"author":{"name":"tcna","@id":"https:\/\/tcnarbonne.org\/#\/schema\/person\/ae9bc097d422ac157832c85b73102503"},"headline":"Aude : l&#8217;association TCNA salue le &#8220;non&#8221; de &#8220;Narbonne Impulsion Citoyenne&#8221; aux projets d&#8217;Orano-Malv\u00e9si","datePublished":"2020-01-20T18:12:34+00:00","dateModified":"2020-01-20T18:12:35+00:00","mainEntityOfPage":{"@id":"https:\/\/tcnarbonne.org\/index.php\/aude-lassociation-tcna-salue-le-non-de-narbonne-impulsion-citoyenne-aux-projets-dorano-malvesi\/20\/01\/2020\/"},"wordCount":262,"publisher":{"@id":"https:\/\/tcnarbonne.org\/#organization"},"keywords":["municipales 2020","narbonne","Narbonne Impulsion Citoyenne","Nathalie Delvallez","orano"],"articleSection":["areva-comurhex","dossier sp\u00e9cial nucl\u00e9aire occitanie","grand narbonne","ind\u00e9pendant","narbonne","orano malvesi","ressources\/documents"],"inLanguage":"fr-FR"},{"@type":"WebPage","@id":"https:\/\/tcnarbonne.org\/index.php\/aude-lassociation-tcna-salue-le-non-de-narbonne-impulsion-citoyenne-aux-projets-dorano-malvesi\/20\/01\/2020\/","url":"https:\/\/tcnarbonne.org\/index.php\/aude-lassociation-tcna-salue-le-non-de-narbonne-impulsion-citoyenne-aux-projets-dorano-malvesi\/20\/01\/2020\/","name":"Aude : l'association TCNA salue le \"non\" de \"Narbonne Impulsion Citoyenne\" aux projets d'Orano-Malv\u00e9si - TCNA NARBONNE","isPartOf":{"@id":"https:\/\/tcnarbonne.org\/#website"},"datePublished":"2020-01-20T18:12:34+00:00","dateModified":"2020-01-20T18:12:35+00:00","breadcrumb":{"@id":"https:\/\/tcnarbonne.org\/index.php\/aude-lassociation-tcna-salue-le-non-de-narbonne-impulsion-citoyenne-aux-projets-dorano-malvesi\/20\/01\/2020\/#breadcrumb"},"inLanguage":"fr-FR","potentialAction":[{"@type":"ReadAction","target":["https:\/\/tcnarbonne.org\/index.php\/aude-lassociation-tcna-salue-le-non-de-narbonne-impulsion-citoyenne-aux-projets-dorano-malvesi\/20\/01\/2020\/"]}]},{"@type":"BreadcrumbList","@id":"https:\/\/tcnarbonne.org\/index.php\/aude-lassociation-tcna-salue-le-non-de-narbonne-impulsion-citoyenne-aux-projets-dorano-malvesi\/20\/01\/2020\/#breadcrumb","itemListElement":[{"@type":"ListItem","position":1,"name":"Accueil","item":"https:\/\/tcnarbonne.org\/"},{"@type":"ListItem","position":2,"name":"Aude : l&#8217;association TCNA salue le &#8220;non&#8221; de &#8220;Narbonne Impulsion Citoyenne&#8221; aux projets d&#8217;Orano-Malv\u00e9si"}]},{"@type":"WebSite","@id":"https:\/\/tcnarbonne.org\/#website","url":"https:\/\/tcnarbonne.org\/","name":"www.https:\/\/tcnarbonne.org\/","description":"Transparence des canaux de la narbonnaise","publisher":{"@id":"https:\/\/tcnarbonne.org\/#organization"},"potentialAction":[{"@type":"SearchAction","target":{"@type":"EntryPoint","urlTemplate":"https:\/\/tcnarbonne.org\/?s={search_term_string}"},"query-input":"required name=search_term_string"}],"inLanguage":"fr-FR"},{"@type":"Organization","@id":"https:\/\/tcnarbonne.org\/#organization","name":"www.https:\/\/tcnarbonne.org\/","url":"https:\/\/tcnarbonne.org\/","logo":{"@type":"ImageObject","inLanguage":"fr-FR","@id":"https:\/\/tcnarbonne.org\/#\/schema\/logo\/image\/","url":"https:\/\/tcnarbonne.org\/wp-content\/uploads\/2021\/02\/cropped-logo-TCNA-blanc-1-1.png","contentUrl":"https:\/\/tcnarbonne.org\/wp-content\/uploads\/2021\/02\/cropped-logo-TCNA-blanc-1-1.png","width":306,"height":202,"caption":"www.https:\/\/tcnarbonne.org\/"},"image":{"@id":"https:\/\/tcnarbonne.org\/#\/schema\/logo\/image\/"},"sameAs":["https:\/\/www.facebook.com\/TCNA-Transparence-des-canaux-de-la-Narbonnaise-325260501232600\/"]},{"@type":"Person","@id":"https:\/\/tcnarbonne.org\/#\/schema\/person\/ae9bc097d422ac157832c85b73102503","name":"tcna","image":{"@type":"ImageObject","inLanguage":"fr-FR","@id":"https:\/\/tcnarbonne.org\/#\/schema\/person\/image\/","url":"https:\/\/secure.gravatar.com\/avatar\/7ed4bba3d6da4ba63526b5317d6ccf26?s=96&d=mm&r=g","contentUrl":"https:\/\/secure.gravatar.com\/avatar\/7ed4bba3d6da4ba63526b5317d6ccf26?s=96&d=mm&r=g","caption":"tcna"}}]}},"_links":{"self":[{"href":"https:\/\/tcnarbonne.org\/index.php\/wp-json\/wp\/v2\/posts\/3669"}],"collection":[{"href":"https:\/\/tcnarbonne.org\/index.php\/wp-json\/wp\/v2\/posts"}],"about":[{"href":"https:\/\/tcnarbonne.org\/index.php\/wp-json\/wp\/v2\/types\/post"}],"author":[{"embeddable":true,"href":"https:\/\/tcnarbonne.org\/index.php\/wp-json\/wp\/v2\/users\/1"}],"replies":[{"embeddable":true,"href":"https:\/\/tcnarbonne.org\/index.php\/wp-json\/wp\/v2\/comments?post=3669"}],"version-history":[{"count":1,"href":"https:\/\/tcnarbonne.org\/index.php\/wp-json\/wp\/v2\/posts\/3669\/revisions"}],"predecessor-version":[{"id":3671,"href":"https:\/\/tcnarbonne.org\/index.php\/wp-json\/wp\/v2\/posts\/3669\/revisions\/3671"}],"wp:featuredmedia":[{"embeddable":true,"href":"https:\/\/tcnarbonne.org\/index.php\/wp-json\/wp\/v2\/media\/3670"}],"wp:attachment":[{"href":"https:\/\/tcnarbonne.org\/index.php\/wp-json\/wp\/v2\/media?parent=3669"}],"wp:term":[{"taxonomy":"category","embeddable":true,"href":"https:\/\/tcnarbonne.org\/index.php\/wp-json\/wp\/v2\/categories?post=3669"},{"taxonomy":"post_tag","embeddable":true,"href":"https:\/\/tcnarbonne.org\/index.php\/wp-json\/wp\/v2\/tags?post=3669"}],"curies":[{"name":"wp","href":"https:\/\/api.w.org\/{rel}","templated":true}]}}