{"id":3664,"date":"2020-01-19T10:43:54","date_gmt":"2020-01-19T09:43:54","guid":{"rendered":"http:\/\/tcnarbonne.org\/?p=3664"},"modified":"2020-02-09T19:13:20","modified_gmt":"2020-02-09T18:13:20","slug":"le-nucleaire-bon-pour-le-climat-orano-poursuivi-pour-publicite-mensongere","status":"publish","type":"post","link":"https:\/\/tcnarbonne.org\/index.php\/le-nucleaire-bon-pour-le-climat-orano-poursuivi-pour-publicite-mensongere\/19\/01\/2020\/","title":{"rendered":"Le nucl\u00e9aire, bon pour le climat ? Orano poursuivi pour \u00ab publicit\u00e9 mensong\u00e8re \u00bb"},"content":{"rendered":"\n<div><img decoding=\"async\" class=\"spip_logo spip_logos\" style=\"box-sizing: border-box; height: auto; vertical-align: middle; border: none; max-width: 100%; margin: 0px; padding: 0px;\" src=\"https:\/\/reporterre.net\/local\/cache-vignettes\/L720xH482\/arton19458-3d160.png?1579164156\" alt=\"Le nucl\u00e9aire, bon pour le climat<small class=&quot;fine&quot;>&nbsp;<\/small>? Orano poursuivi pour \u00ab<small class=&quot;fine&quot;>&nbsp;<\/small>publicit\u00e9 mensong\u00e8re<small class=&quot;fine&quot;>&nbsp;<\/small>\u00bb&#8221; width=&#8221;720&#8243; height=&#8221;482&#8243;><\/div>\n<div class=\"chapo\">\n<div>\n<p>Le r\u00e9seau Sortir du nucl\u00e9aire porte plainte contre une campagne publicitaire d\u2019Orano, qui pr\u00e9sente l\u2019\u00e9nergie nucl\u00e9aire comme une solution contre le changement climatique. Une affirmation fausse destin\u00e9e \u00e0 relancer les investissements dans une fili\u00e8re en d\u00e9clin, d\u00e9nonce l\u2019association.<\/p>\n<\/div>\n<\/div>\n<div class=\"texte\">\n<div>\n<p><i>\u00ab<small class=\"fine\">&nbsp;<\/small>Nucl\u00e9aire&nbsp;: eh non, on ne r\u00e9chauffe pas la plan\u00e8te<small class=\"fine\">&nbsp;<\/small>!<small class=\"fine\">&nbsp;<\/small>\u00bb<\/i> <i>\u00ab<small class=\"fine\">&nbsp;<\/small>Pour faire du <span class=\"caps\">CO<\/span><sub>2<\/sub> avec du nucl\u00e9aire, il va falloir charbonner<small class=\"fine\">&nbsp;<\/small>\u00bb<\/i> <i>\u00ab<small class=\"fine\">&nbsp;<\/small>95<small class=\"fine\">&nbsp;<\/small>% d\u2019\u00e9lectricit\u00e9 d\u00e9carbon\u00e9e en France<small class=\"fine\">&nbsp;<\/small>\u00bb<\/i>&#8230; Pour sa derni\u00e8re campagne publicitaire, diffus\u00e9e dans la presse papier (telle que le suppl\u00e9ment <i>Femina<\/i> du <i>T\u00e9l\u00e9gramme<\/i>) entre le 18 et le 24&nbsp;novembre 2019 et sur sa <a class=\"spip_out\" href=\"https:\/\/www.orano.group\/ideesrecues\/\" rel=\"external\">page \u00ab<small class=\"fine\">&nbsp;<\/small>id\u00e9es re\u00e7ues<small class=\"fine\">&nbsp;<\/small>\u00bb<\/a>, le groupe sp\u00e9cialis\u00e9 dans le cycle du combustible nucl\u00e9aire Orano a frapp\u00e9 fort. Objectif, d\u00e9montrer \u00e0 <i>\u00ab<small class=\"fine\">&nbsp;<\/small>69<small class=\"fine\">&nbsp;<\/small>% des Fran\u00e7ais <\/i>[qui]<i> pensent que le nucl\u00e9aire produit du <span class=\"caps\">CO<\/span><sub>2<\/sub> et contribue au d\u00e9r\u00e8glement climatique<small class=\"fine\">&nbsp;<\/small>\u00bb<\/i> qu\u2019ils ont tort et que <i>\u00ab<small class=\"fine\">&nbsp;<\/small>l\u2019\u00e9nergie nucl\u00e9aire fait partie des solutions pour diminuer nos \u00e9missions de gaz \u00e0 effet de serre<small class=\"fine\">&nbsp;<\/small>\u00bb<\/i>.<\/p>\n<p><i>\u00ab<small class=\"fine\">&nbsp;<\/small>Une campagne fallacieuse<small class=\"fine\">&nbsp;<\/small>\u00bb<\/i>, r\u00e9agit le r\u00e9seau Sortir du nucl\u00e9aire. Qui, en guise de riposte, porte plainte ce jeudi 16&nbsp;janvier devant le <a class=\"spip_out\" href=\"https:\/\/www.jdp-pub.org\/\" rel=\"external\">Jury de d\u00e9ontologie publicitaire<\/a> pour toute une s\u00e9rie de manquements d\u2019Orano&nbsp;: d\u00e9faut de v\u00e9racit\u00e9 des actions, d\u00e9faut de proportionnalit\u00e9 du message, d\u00e9faut d\u2019explicitation, d\u00e9faut de vocabulaire appropri\u00e9, d\u00e9faut de responsabilit\u00e9 sociale.<\/p>\n<p>Car derri\u00e8re les slogans d\u2019Orano, la r\u00e9alit\u00e9 est plus complexe. <i>\u00ab<small class=\"fine\">&nbsp;<\/small>Ce que nous reprochons \u00e0 Orano, ce sont des termes comme <\/i>d\u00e9carbon\u00e9<i> car, m\u00eame si le nucl\u00e9aire \u00e9met moins de gaz \u00e0 effet de serre qu\u2019une centrale \u00e0 charbon ou \u00e0 gaz, elle en produit quand m\u00eame<small class=\"fine\">&nbsp;<\/small>\u00bb<\/i>, rappelle M<sup class=\"typo_exposants\">me<\/sup>&nbsp;Frachisse. Ainsi, le Giec (Groupe d\u2019experts intergouvernemental sur l\u2019\u00e9volution du climat) \u00e9value les \u00e9missions de <span class=\"caps\">CO<\/span><sub>2<\/sub> du nucl\u00e9aire \u00e0 <a class=\"spip_out\" href=\"https:\/\/www.liberation.fr\/checknews\/2018\/10\/05\/selon-greenpeace-le-nucleaire-emet-plus-de-co2-que-le-photovoltaique-est-ce-vrai_1682628\" rel=\"external\">12 grammes par kilowattheure (g\/kWh)<\/a>, contre 41 g\/kWh pour le photovolta\u00efque, plus de 490 pour le gaz et 820 pour le charbon. <i>\u00ab<small class=\"fine\">&nbsp;<\/small>Effectivement, un r\u00e9acteur nucl\u00e9aire \u00e9met moins qu\u2019une centrale \u00e0 charbon. Mais, si l\u2019on prend l\u2019ensemble de la cha\u00eene de production de l\u2019\u00e9nergie nucl\u00e9aire de l\u2019extraction mini\u00e8re \u00e0 la gestion des d\u00e9chets, ce bilan est beaucoup plus lourd<small class=\"fine\">&nbsp;<\/small>\u00bb<\/i>, rappelle la juriste. Dans sa plainte, le r\u00e9seau pointe du doigt les mauvais \u00e9l\u00e8ves du cycle du combustible&nbsp;: <a class=\"spip_in\" href=\"https:\/\/reporterre.net\/A-Narbonne-le-projet-d-incineration-des-boues-radioactives-d-Orano-crispe-la-population\">l\u2019usine Orano Malv\u00e9si de traitement de l\u2019uranium<\/a> et ses \u00e9missions de protoxyde d\u2019azote, un gaz \u00e0 effet de serre 265 fois plus r\u00e9chauffant que le <span class=\"caps\">CO<\/span><sub>2<\/sub>, le site de transformation et d\u2019enrichissement de l\u2019uranium d\u2019Orano Tricastin et ses 2.928 tonnes \u00e9quivalent <span class=\"caps\">CO<\/span><sub>2<\/sub> \u00e9mises chaque ann\u00e9e (plus 1.558 tonnes \u00e9quivalent <span class=\"caps\">CO<\/span><sub>2<\/sub> d\u2019\u00e9missions indirectes), l\u2019usine de retraitement du combustible us\u00e9 de La Hague et ses <a class=\"spip_out\" href=\"http:\/\/www.criirad.org\/actualites\/dossier_09\/areva\/denonciation.html\" rel=\"external\">80.551 tonnes de <span class=\"caps\">CO<\/span><sub>2<\/sub> \u00e9mises en 2007<\/a>. Ainsi, le total des \u00e9missions de gaz \u00e0 effet de serre d\u2019Orano s\u2019\u00e9tablissaient \u00e0 <a class=\"spip_out\" href=\"https:\/\/fr.statista.com\/statistiques\/989561\/diffusion-gaz-effet-serre-orano\/\" rel=\"external\">plus de 260.000 tonnes \u00e9quivalent <span class=\"caps\">CO<\/span><sub>2<\/sub> en 2018<\/a>.<\/p>\n<h3 class=\"spip\">Au-del\u00e0 de tous ces chiffres, la question est mal pos\u00e9e&nbsp;<\/h3>\n<p>De la m\u00eame mani\u00e8re, le message <i>\u00ab<small class=\"fine\">&nbsp;<\/small>gr\u00e2ce au nucl\u00e9aire, la France a d\u00e9j\u00e0 atteint les objectifs fix\u00e9s par le protocole de Kyoto en mati\u00e8re d\u2019\u00e9missions de <span class=\"caps\">CO<\/span><sub>2<\/sub><small class=\"fine\">&nbsp;<\/small>\u00bb<\/i> reste en travers de la gorge du r\u00e9seau Sortir du nucl\u00e9aire. Ces objectifs \u00e9taient <i>\u00ab<small class=\"fine\">&nbsp;<\/small>tr\u00e8s bas<small class=\"fine\">&nbsp;<\/small>\u00bb<\/i>, puisqu\u2019il <i>\u00ab<small class=\"fine\">&nbsp;<\/small>ne s\u2019agissait que de stabiliser au niveau de 1990 ses \u00e9missions de gaz \u00e0 effet de serre<small class=\"fine\">&nbsp;<\/small>\u00bb<\/i>, rappelle l\u2019association dans sa plainte. Et s\u2019ils ont \u00e9t\u00e9 atteints, c\u2019est d\u2019abord par <i>\u00ab<small class=\"fine\">&nbsp;<\/small>la d\u00e9sindustrialisation et d\u00e9localisation hors de France d\u2019industries polluantes<small class=\"fine\">&nbsp;<\/small>\u00bb<\/i>&nbsp;: <i>\u00ab<small class=\"fine\">&nbsp;<\/small>Selon les donn\u00e9es Citepa, les \u00e9missions du secteur manufacturier fran\u00e7ais sont ainsi pass\u00e9es de 144 \u00e0 80,9 millions de tonnes \u00e9quivalent <span class=\"caps\">CO<\/span><sub>2<\/sub> entre 1990 et 2017, une baisse bien plus importante que celle li\u00e9e au secteur \u00e9lectrique.<small class=\"fine\">&nbsp;<\/small>\u00bb<\/i> D\u2019ailleurs, le nucl\u00e9aire a \u00e9t\u00e9 explicitement <a class=\"spip_out\" href=\"https:\/\/unfccc.int\/cop7\/fr\/issues\/mechanisms.html\" rel=\"external\">exclu des m\u00e9canismes de Kyoto<\/a>. Enfin, les objectifs du protocole de Kyoto ont \u00e9t\u00e9 remplac\u00e9s par d\u2019autres, tels que la neutralit\u00e9 carbone en 2050, <a class=\"spip_in\" href=\"https:\/\/reporterre.net\/Climat-la-France-ne-tient-pas-ses-objectifs\">pour lesquels la France est d\u00e9j\u00e0 largement en retard<\/a>.<\/p>\n<dl class=\"spip_document_29289 spip_documents spip_documents_center\">\n<dt><a class=\"cboxElement hasbox\" title=\"Publicit\u00e9 parue en fin d'ann\u00e9e 2019 dans le suppl\u00e9ment \u00ab Femina \u00bb.\" href=\"https:\/\/reporterre.net\/IMG\/jpg\/orano_pub-femina.jpg\" type=\"image\/jpeg\"><img loading=\"lazy\" decoding=\"async\" class=\"lazy\" src=\"https:\/\/reporterre.net\/local\/cache-vignettes\/L365xH500\/orano_pub-femina-b4264.jpg?1579164156\" alt=\"\" width=\"365\" height=\"500\" data-original=\"local\/cache-vignettes\/L365xH500\/orano_pub-femina-b4264.jpg?1579164156\"><\/a><\/dt>\n<dt class=\"spip_doc_titre\"><a class=\"cboxElement hasbox\" title=\"Publicit\u00e9 parue en fin d'ann\u00e9e 2019 dans le suppl\u00e9ment \u00ab Femina \u00bb.\" href=\"https:\/\/reporterre.net\/IMG\/jpg\/orano_pub-femina.jpg\" type=\"image\/jpeg\"><strong>Publicit\u00e9 parue en fin d\u2019ann\u00e9e 2019 dans le suppl\u00e9ment \u00ab<small class=\"fine\">&nbsp;<\/small>Femina<small class=\"fine\">&nbsp;<\/small>\u00bb.<\/strong><\/a><\/dt>\n<\/dl>\n<p><a class=\"cboxElement hasbox\" title=\"Publicit\u00e9 parue en fin d'ann\u00e9e 2019 dans le suppl\u00e9ment \u00ab Femina \u00bb.\" href=\"https:\/\/reporterre.net\/IMG\/jpg\/orano_pub-femina.jpg\" type=\"image\/jpeg\">Au-del\u00e0 de tous ces chiffres, la question est mal pos\u00e9e, estime Mycle Schneider, consultant ind\u00e9pendant sur l\u2019\u00e9nergie et le nucl\u00e9aire \u00e0 l\u2019initiative du rapport annuel \u00ab<small class=\"fine\">&nbsp;<\/small>World Nuclear Industry Status Report<small class=\"fine\">&nbsp;<\/small>\u00bb, dont <\/a><a class=\"spip_out\" href=\"https:\/\/www.worldnuclearreport.org\/The-World-Nuclear-Industry-Status-Report-2019-HTML.html#ccanp\" rel=\"external\">l\u2019\u00e9dition 2019<\/a> d\u00e9monte m\u00e9thodiquement l\u2019argument selon lequel le nucl\u00e9aire est une solution pour lutter contre la crise climatique.<i>\u00ab<small class=\"fine\">&nbsp;<\/small>Ce qu\u2019il faut examiner, c\u2019est la combinaison entre les gains d\u2019\u00e9missions de gaz \u00e0 effet de serre et les d\u00e9lais. Un euro ne peut \u00eatre d\u00e9pens\u00e9 qu\u2019une fois, et il doit servir \u00e0 r\u00e9duire les \u00e9missions le plus rapidement possible. Qu\u2019importe la r\u00e9duction des \u00e9missions de gaz \u00e0 effet de serre, si elle n\u2019a lieu que dans vingt ans voire cinquante ou au-del\u00e0 \u2014 comme c\u2019est envisag\u00e9 pour les projets de fusion nucl\u00e9aire. Et l\u00e0, les chiffres sont \u00e9loquents&nbsp;: la dur\u00e9e moyenne de construction d\u2019un parc \u00e9olien est peut-\u00eatre de deux ans \u00e0 trois ans, avec des records observ\u00e9s \u00e0 moins d\u2019un an<small class=\"fine\">&nbsp;<\/small>; et la dur\u00e9e moyenne de construction des 63 derniers r\u00e9acteurs nucl\u00e9aires b\u00e2tis dans le monde s\u2019\u00e9tablit \u00e0 dix ans, compt\u00e9s \u00e0 partir du cimentage des fondations du b\u00e2timent r\u00e9acteur.<small class=\"fine\">&nbsp;<\/small>\u00bb<\/i> Les d\u00e9lais sont encore plus longs pour le nouveau r\u00e9acteur fran\u00e7ais&nbsp;: apr\u00e8s une interminable accumulation de d\u00e9boires, <a class=\"spip_in\" href=\"https:\/\/reporterre.net\/EPR-de-Flamanville-la-facture-s-alourdit-de-1-5-milliard\">l\u2019<span class=\"caps\">EPR<\/span> de Flamanville ne devrait entrer en service que fin 2022<\/a>, soit quinze ans apr\u00e8s le d\u00e9but des travaux.<\/p>\n<dl class=\"spip_document_29288 spip_documents spip_documents_center\">\n<dt><a class=\"cboxElement hasbox\" title=\"Sur le site internet d'Orano, partie \u00ab Id\u00e9es re\u00e7ues \u00bb.\" href=\"https:\/\/reporterre.net\/IMG\/png\/capture_d_e_cran_de_2020-01-15_15-00-56.png\" type=\"image\/png\"><img loading=\"lazy\" decoding=\"async\" class=\"lazy\" src=\"https:\/\/reporterre.net\/local\/cache-vignettes\/L720xH441\/capture_d_e_cran_de_2020-01-15_15-00-56-58aad.png?1579164156\" alt=\"\" width=\"720\" height=\"614\" data-original=\"local\/cache-vignettes\/L720xH441\/capture_d_e_cran_de_2020-01-15_15-00-56-58aad.png?1579164156\"><\/a><\/dt>\n<dt class=\"spip_doc_titre\"><a class=\"cboxElement hasbox\" title=\"Sur le site internet d'Orano, partie \u00ab Id\u00e9es re\u00e7ues \u00bb.\" href=\"https:\/\/reporterre.net\/IMG\/png\/capture_d_e_cran_de_2020-01-15_15-00-56.png\" type=\"image\/png\"><strong>Sur le site internet d\u2019Orano, partie \u00ab<small class=\"fine\">&nbsp;<\/small>Id\u00e9es re\u00e7ues<small class=\"fine\">&nbsp;<\/small>\u00bb.<\/strong><\/a><\/dt>\n<\/dl>\n<p><a class=\"cboxElement hasbox\" title=\"Sur le site internet d'Orano, partie \u00ab Id\u00e9es re\u00e7ues \u00bb.\" href=\"https:\/\/reporterre.net\/IMG\/png\/capture_d_e_cran_de_2020-01-15_15-00-56.png\" type=\"image\/png\">Aux dires de Mycle Schneider, le maintien du nucl\u00e9aire existant n\u2019est gu\u00e8re plus int\u00e9ressant&nbsp;:<i>\u00ab<small class=\"fine\">&nbsp;<\/small>En consid\u00e9rant qu\u2019on fait abstraction de toutes les autres questions \u2014 s\u00fbret\u00e9, s\u00e9curit\u00e9, d\u00e9chets, prolif\u00e9ration\u2026&nbsp;\u2014, il faut se poser la m\u00eame question&nbsp;: pour un euro d\u00e9pens\u00e9, quelle baisse des \u00e9missions pourrais-je durablement obtenir<small class=\"fine\">&nbsp;<\/small>? La r\u00e9ponse \u00e0 cette question entra\u00eenerait la fermeture d\u2019une grande partie des r\u00e9acteurs nucl\u00e9aires en service dans le monde, car ils ne sont pas comp\u00e9titifs face \u00e0 d\u2019autres moyens de production d\u2019\u00e9lectricit\u00e9, comme les \u00e9nergies renouvelables, et d\u2019autres solutions b\u00e9n\u00e9fiques pour le climat, comme l\u2019efficacit\u00e9 \u00e9nerg\u00e9tique.<small class=\"fine\">&nbsp;<\/small>\u00bb<\/i> Mais en France, le probl\u00e8me n\u2019est pas pos\u00e9 en ces termes, d\u00e9plore le consultant&nbsp;: <i>\u00ab<small class=\"fine\">&nbsp;<\/small><span class=\"caps\">EDF<\/span> ne publie ses co\u00fbts de production qu\u2019\u00e0 travers une moyenne \u2014 contestable par ailleurs \u2014 sur l\u2019ensemble du parc, et non r\u00e9acteur par r\u00e9acteur<small class=\"fine\">&nbsp;<\/small>; idem pour la Cour des Comptes. Or, il ne fait aucun doute que certains r\u00e9acteurs ne sont plus du tout comp\u00e9titifs par rapport \u00e0 d\u2019autres moyens de production. <span class=\"caps\">EDF<\/span> a remport\u00e9 l\u2019appel d\u2019offre pour le premier \u00e9olien offshore au large de Dunkerque, une des technologies renouvelables les plus ch\u00e8res, pour 44 euros par m\u00e9gawattheure. En 2016, selon la Cour des Comptes, celui du nucl\u00e9aire existant \u00e9tait d\u00e9j\u00e0 50% plus cher<small class=\"fine\">&nbsp;<\/small>!&nbsp;<small class=\"fine\">&nbsp;<\/small>\u00bb<\/i><\/a><\/p>\n<h3 class=\"spip\"><a class=\"cboxElement hasbox\" title=\"Sur le site internet d'Orano, partie \u00ab Id\u00e9es re\u00e7ues \u00bb.\" href=\"https:\/\/reporterre.net\/IMG\/png\/capture_d_e_cran_de_2020-01-15_15-00-56.png\" type=\"image\/png\">\u00ab<small class=\"fine\">&nbsp;<\/small>Ce qui est fou, c\u2019est qu\u2019Orano m\u00e8ne cette campagne publicitaire au grand public alors qu\u2019elle n\u2019a rien \u00e0 lui vendre<small class=\"fine\">&nbsp;<\/small>\u00bb&nbsp;<\/a><\/h3>\n<p><a class=\"cboxElement hasbox\" title=\"Sur le site internet d'Orano, partie \u00ab Id\u00e9es re\u00e7ues \u00bb.\" href=\"https:\/\/reporterre.net\/IMG\/png\/capture_d_e_cran_de_2020-01-15_15-00-56.png\" type=\"image\/png\">La plupart des pays du monde ne s\u2019y trompent pas et retirent leurs billes de l\u2019industrie de l\u2019atome. En 2019, <\/a><a class=\"spip_in\" href=\"https:\/\/reporterre.net\/Concurrence-par-les-renouvelables-le-nucleaire-decline-dans-le-monde\">la construction nucl\u00e9aire \u00e9tait en d\u00e9clin pour la cinqui\u00e8me ann\u00e9e cons\u00e9cutive<\/a>, avec 46 chantiers en cours \u00e0 mi-2019, contre 68 tranches en 2013 et 234 en 1979, d\u2019apr\u00e8s le World Nuclear Industry Status Report de 2019. Le nombre de mises en construction est pass\u00e9 de 15 en 2010, ann\u00e9e pr\u00e9c\u00e9dant Fukushima, \u00e0 deux en 2019 (au 15&nbsp;d\u00e9cembre). Le 5&nbsp;d\u00e9cembre dernier, les n\u00e9gociateurs du Parlement europ\u00e9en se mettaient d\u2019accord pour exclure le nucl\u00e9aire de leur nouvelle classification des investissements en finance verte, malgr\u00e9 un intense lobbying fran\u00e7ais. Le Giec, mis en avant par Orano dans sa campagne publicitaire, propose effectivement des sc\u00e9narios de baisse des \u00e9missions mondiales de gaz \u00e0 effet de serre comprenant une part de production d\u2019\u00e9nergie nucl\u00e9aire<small class=\"fine\">&nbsp;<\/small>; mais il consid\u00e8re aussi les nuisances environnementales li\u00e9es \u00e0 cette industrie \u2014 production de milliers de tonnes de d\u00e9chets radioactifs chaque ann\u00e9e, pollution des mines d\u2019uranium, risque persistant d\u2019accident de type Tchernobyl ou Fukushima \u2014 comme des effets n\u00e9gatifs au regard des \u00ab<small class=\"fine\">&nbsp;<\/small><a class=\"spip_glossaire\" href=\"https:\/\/fr.wikipedia.org\/wiki\/objectifs_de_d%C3%A9veloppement_durable\" rel=\"external\">objectifs de d\u00e9veloppement durable<\/a><small class=\"fine\">&nbsp;<\/small>\u00bb (<span class=\"caps\">ODD<\/span>)<span class=\"spip_note_ref\">&nbsp;[<a id=\"nh1\" class=\"spip_note\" title=\"\u00ab&nbsp;Nuclear power [\u2026] can increase the risks of proliferation, have negative&nbsp;(...)\" href=\"https:\/\/reporterre.net\/Le-nucleaire-bon-pour-le-climat-Orano-poursuivi-pour-publicite-mensongere?fbclid=IwAR2MCucLkVV5Nrlhs8NT4LKWmHH42SNeOUIu1w0PZi6l0Pt5Q307JLBbe-k#nb1\" rel=\"appendix\">1<\/a>]<\/span> Pour le r\u00e9seau Sortir du nucl\u00e9aire, la campagne publicitaire d\u2019Orano serait une tentative d\u00e9sesp\u00e9r\u00e9e d\u2019infl\u00e9chir cette tendance. <i>\u00ab<small class=\"fine\">&nbsp;<\/small>Ce qui est fou, c\u2019est qu\u2019Orano m\u00e8ne cette campagne publicitaire au grand public alors qu\u2019elle n\u2019a rien \u00e0 lui vendre, puisqu\u2019elle ne vend ses activit\u00e9s qu\u2019\u00e0 l\u2019industrie nucl\u00e9aire<small class=\"fine\">&nbsp;<\/small>!<\/i> observe M<sup class=\"typo_exposants\">me<\/sup>&nbsp;Frachisse. <i>Il s\u2019agit de rallier la cause du changement climatique pour obtenir le soutien de la population et relancer les investissements en France et dans le monde.<small class=\"fine\">&nbsp;<\/small>\u00bb<\/i>Et peut-\u00eatre pr\u00e9parer le terrain avant l\u2019annonce \u00e9ventuelle d\u2019un <a class=\"spip_in\" href=\"https:\/\/reporterre.net\/Le-gouvernement-projette-la-construction-de-six-reacteurs-EPR\">projet de construction de six nouveaux <span class=\"caps\">EPR<\/span> en France<\/a>, en cours d\u2019examen par <span class=\"caps\">EDF<\/span> et par le gouvernement.<\/p>\n<p>Ce n\u2019est pas la premi\u00e8re fois que le r\u00e9seau Sortir du nucl\u00e9aire saisit le Jury de d\u00e9ontologie publicitaire pour d\u00e9noncer les campagnes publicitaires de l\u2019industrie nucl\u00e9aire. Habituellement, c\u2019est plut\u00f4t <span class=\"caps\">EDF<\/span> qui fait l\u2019objet de ces plaintes. <i>\u00ab<small class=\"fine\">&nbsp;<\/small>\u00c0 chaque fois, nous avons obtenu des sanctions, par exemple lorsqu\u2019<span class=\"caps\">EDF<\/span> se pr\u00e9sentait comme <\/i>\u201cpartenaire d\u2019un monde bas carbone\u201d <i>au moment de la <span class=\"caps\">COP21<\/span>. Maintenant, <span class=\"caps\">EDF<\/span> parle moins d\u2019\u00e9missions de <span class=\"caps\">CO<\/span><sub>2<\/sub><small class=\"fine\">&nbsp;<\/small>\u00bb<\/i>, raconte la juriste de l\u2019association. M\u00eame si les d\u00e9cisions du Jury ne sont pas contraignantes et qu\u2019elles ne peuvent pas d\u00e9boucher sur un retrait de la campagne, <i>\u00ab<small class=\"fine\">&nbsp;<\/small>elles ont un fort impact moral sur les industriels et peuvent nous servir \u00e0 saisir la justice si elles n\u2019\u00e9taient pas suivies d\u2019effets<small class=\"fine\">&nbsp;<\/small>\u00bb<\/i>, conclut M<sup class=\"typo_exposants\">me<\/sup>&nbsp;Frachisse.<\/p>\n<p>Source: Reporterre<\/p>\n<p><a href=\"https:\/\/reporterre.net\/Le-nucleaire-bon-pour-le-climat-Orano-poursuivi-pour-publicite-mensongere?fbclid=IwAR2MCucLkVV5Nrlhs8NT4LKWmHH42SNeOUIu1w0PZi6l0Pt5Q307JLBbe-k\"> https:\/\/reporterre.net\/Le-nucleaire-bon-pour-le-climat-Orano-poursuivi-pour-publicite-mensongere?fbclid=IwAR2MCucLkVV5Nrlhs8NT4LKWmHH42SNeOUIu1w0PZi6l0Pt5Q307JLBbe-k<\/a><\/p>\n<p>&nbsp;<\/p>\n<\/div>\n<\/div>\n","protected":false},"excerpt":{"rendered":"","protected":false},"author":1,"featured_media":3666,"comment_status":"closed","ping_status":"closed","sticky":false,"template":"","format":"standard","meta":{"ngg_post_thumbnail":0,"footnotes":""},"categories":[5,719,752,383,398,494,831,837,166,832,834,6,738,613,54,840,4],"tags":[433,709,844,842,58,610,841,714,774,843],"yoast_head":"<!-- This site is optimized with the Yoast SEO plugin v21.1 - https:\/\/yoast.com\/wordpress\/plugins\/seo\/ -->\n<title>Le nucl\u00e9aire, bon pour le climat ? Orano poursuivi pour \u00ab publicit\u00e9 mensong\u00e8re \u00bb - TCNA NARBONNE<\/title>\n<meta name=\"robots\" content=\"index, follow, max-snippet:-1, max-image-preview:large, max-video-preview:-1\" \/>\n<link rel=\"canonical\" href=\"https:\/\/tcnarbonne.org\/index.php\/le-nucleaire-bon-pour-le-climat-orano-poursuivi-pour-publicite-mensongere\/19\/01\/2020\/\" \/>\n<meta property=\"og:locale\" content=\"fr_FR\" \/>\n<meta property=\"og:type\" content=\"article\" \/>\n<meta property=\"og:title\" content=\"Le nucl\u00e9aire, bon pour le climat ? Orano poursuivi pour \u00ab publicit\u00e9 mensong\u00e8re \u00bb - TCNA NARBONNE\" \/>\n<meta property=\"og:url\" content=\"https:\/\/tcnarbonne.org\/index.php\/le-nucleaire-bon-pour-le-climat-orano-poursuivi-pour-publicite-mensongere\/19\/01\/2020\/\" \/>\n<meta property=\"og:site_name\" content=\"TCNA NARBONNE\" \/>\n<meta property=\"article:publisher\" content=\"https:\/\/www.facebook.com\/TCNA-Transparence-des-canaux-de-la-Narbonnaise-325260501232600\/\" \/>\n<meta property=\"article:published_time\" content=\"2020-01-19T09:43:54+00:00\" \/>\n<meta property=\"article:modified_time\" content=\"2020-02-09T18:13:20+00:00\" \/>\n<meta property=\"og:image\" content=\"https:\/\/tcnarbonne.org\/wp-content\/uploads\/2020\/01\/capture_d_e_cran_de_2020-01-15_15-00-56.png\" \/>\n\t<meta property=\"og:image:width\" content=\"1004\" \/>\n\t<meta property=\"og:image:height\" content=\"614\" \/>\n\t<meta property=\"og:image:type\" content=\"image\/png\" \/>\n<meta name=\"author\" content=\"tcna\" \/>\n<meta name=\"twitter:card\" content=\"summary_large_image\" \/>\n<meta name=\"twitter:label1\" content=\"\u00c9crit par\" \/>\n\t<meta name=\"twitter:data1\" content=\"tcna\" \/>\n\t<meta name=\"twitter:label2\" content=\"Dur\u00e9e de lecture estim\u00e9e\" \/>\n\t<meta name=\"twitter:data2\" content=\"9 minutes\" \/>\n<script type=\"application\/ld+json\" class=\"yoast-schema-graph\">{\"@context\":\"https:\/\/schema.org\",\"@graph\":[{\"@type\":\"Article\",\"@id\":\"https:\/\/tcnarbonne.org\/index.php\/le-nucleaire-bon-pour-le-climat-orano-poursuivi-pour-publicite-mensongere\/19\/01\/2020\/#article\",\"isPartOf\":{\"@id\":\"https:\/\/tcnarbonne.org\/index.php\/le-nucleaire-bon-pour-le-climat-orano-poursuivi-pour-publicite-mensongere\/19\/01\/2020\/\"},\"author\":{\"name\":\"tcna\",\"@id\":\"https:\/\/tcnarbonne.org\/#\/schema\/person\/ae9bc097d422ac157832c85b73102503\"},\"headline\":\"Le nucl\u00e9aire, bon pour le climat ? Orano poursuivi pour \u00ab publicit\u00e9 mensong\u00e8re \u00bb\",\"datePublished\":\"2020-01-19T09:43:54+00:00\",\"dateModified\":\"2020-02-09T18:13:20+00:00\",\"mainEntityOfPage\":{\"@id\":\"https:\/\/tcnarbonne.org\/index.php\/le-nucleaire-bon-pour-le-climat-orano-poursuivi-pour-publicite-mensongere\/19\/01\/2020\/\"},\"wordCount\":1793,\"publisher\":{\"@id\":\"https:\/\/tcnarbonne.org\/#organization\"},\"keywords\":[\"edf\",\"epr\",\"fukushime\",\"justice\",\"nucleaire\",\"orano\",\"protocole de Kyoto\",\"reporterre\",\"sortir du nucl\u00e9aire\",\"tchernobyl\"],\"articleSection\":[\"areva-comurhex\",\"climat\",\"commission europ\u00e9enne\",\"criirad\",\"d\u00e9chets nucl\u00e9aires\",\"dossier sp\u00e9cial nucl\u00e9aire occitanie\",\"France\",\"fukushima\",\"grand narbonne\",\"Green deal\",\"industrie nucl\u00e9aire\",\"narbonne\",\"occitanie\",\"orano malvesi\",\"presse\",\"protocole de Kyoto\",\"ressources\/documents\"],\"inLanguage\":\"fr-FR\"},{\"@type\":\"WebPage\",\"@id\":\"https:\/\/tcnarbonne.org\/index.php\/le-nucleaire-bon-pour-le-climat-orano-poursuivi-pour-publicite-mensongere\/19\/01\/2020\/\",\"url\":\"https:\/\/tcnarbonne.org\/index.php\/le-nucleaire-bon-pour-le-climat-orano-poursuivi-pour-publicite-mensongere\/19\/01\/2020\/\",\"name\":\"Le nucl\u00e9aire, bon pour le climat ? Orano poursuivi pour \u00ab publicit\u00e9 mensong\u00e8re \u00bb - TCNA NARBONNE\",\"isPartOf\":{\"@id\":\"https:\/\/tcnarbonne.org\/#website\"},\"datePublished\":\"2020-01-19T09:43:54+00:00\",\"dateModified\":\"2020-02-09T18:13:20+00:00\",\"breadcrumb\":{\"@id\":\"https:\/\/tcnarbonne.org\/index.php\/le-nucleaire-bon-pour-le-climat-orano-poursuivi-pour-publicite-mensongere\/19\/01\/2020\/#breadcrumb\"},\"inLanguage\":\"fr-FR\",\"potentialAction\":[{\"@type\":\"ReadAction\",\"target\":[\"https:\/\/tcnarbonne.org\/index.php\/le-nucleaire-bon-pour-le-climat-orano-poursuivi-pour-publicite-mensongere\/19\/01\/2020\/\"]}]},{\"@type\":\"BreadcrumbList\",\"@id\":\"https:\/\/tcnarbonne.org\/index.php\/le-nucleaire-bon-pour-le-climat-orano-poursuivi-pour-publicite-mensongere\/19\/01\/2020\/#breadcrumb\",\"itemListElement\":[{\"@type\":\"ListItem\",\"position\":1,\"name\":\"Accueil\",\"item\":\"https:\/\/tcnarbonne.org\/\"},{\"@type\":\"ListItem\",\"position\":2,\"name\":\"Le nucl\u00e9aire, bon pour le climat ? Orano poursuivi pour \u00ab publicit\u00e9 mensong\u00e8re \u00bb\"}]},{\"@type\":\"WebSite\",\"@id\":\"https:\/\/tcnarbonne.org\/#website\",\"url\":\"https:\/\/tcnarbonne.org\/\",\"name\":\"www.https:\/\/tcnarbonne.org\/\",\"description\":\"Transparence des canaux de la narbonnaise\",\"publisher\":{\"@id\":\"https:\/\/tcnarbonne.org\/#organization\"},\"potentialAction\":[{\"@type\":\"SearchAction\",\"target\":{\"@type\":\"EntryPoint\",\"urlTemplate\":\"https:\/\/tcnarbonne.org\/?s={search_term_string}\"},\"query-input\":\"required name=search_term_string\"}],\"inLanguage\":\"fr-FR\"},{\"@type\":\"Organization\",\"@id\":\"https:\/\/tcnarbonne.org\/#organization\",\"name\":\"www.https:\/\/tcnarbonne.org\/\",\"url\":\"https:\/\/tcnarbonne.org\/\",\"logo\":{\"@type\":\"ImageObject\",\"inLanguage\":\"fr-FR\",\"@id\":\"https:\/\/tcnarbonne.org\/#\/schema\/logo\/image\/\",\"url\":\"https:\/\/tcnarbonne.org\/wp-content\/uploads\/2021\/02\/cropped-logo-TCNA-blanc-1-1.png\",\"contentUrl\":\"https:\/\/tcnarbonne.org\/wp-content\/uploads\/2021\/02\/cropped-logo-TCNA-blanc-1-1.png\",\"width\":306,\"height\":202,\"caption\":\"www.https:\/\/tcnarbonne.org\/\"},\"image\":{\"@id\":\"https:\/\/tcnarbonne.org\/#\/schema\/logo\/image\/\"},\"sameAs\":[\"https:\/\/www.facebook.com\/TCNA-Transparence-des-canaux-de-la-Narbonnaise-325260501232600\/\"]},{\"@type\":\"Person\",\"@id\":\"https:\/\/tcnarbonne.org\/#\/schema\/person\/ae9bc097d422ac157832c85b73102503\",\"name\":\"tcna\",\"image\":{\"@type\":\"ImageObject\",\"inLanguage\":\"fr-FR\",\"@id\":\"https:\/\/tcnarbonne.org\/#\/schema\/person\/image\/\",\"url\":\"https:\/\/secure.gravatar.com\/avatar\/7ed4bba3d6da4ba63526b5317d6ccf26?s=96&d=mm&r=g\",\"contentUrl\":\"https:\/\/secure.gravatar.com\/avatar\/7ed4bba3d6da4ba63526b5317d6ccf26?s=96&d=mm&r=g\",\"caption\":\"tcna\"}}]}<\/script>\n<!-- \/ Yoast SEO plugin. -->","yoast_head_json":{"title":"Le nucl\u00e9aire, bon pour le climat ? Orano poursuivi pour \u00ab publicit\u00e9 mensong\u00e8re \u00bb - TCNA NARBONNE","robots":{"index":"index","follow":"follow","max-snippet":"max-snippet:-1","max-image-preview":"max-image-preview:large","max-video-preview":"max-video-preview:-1"},"canonical":"https:\/\/tcnarbonne.org\/index.php\/le-nucleaire-bon-pour-le-climat-orano-poursuivi-pour-publicite-mensongere\/19\/01\/2020\/","og_locale":"fr_FR","og_type":"article","og_title":"Le nucl\u00e9aire, bon pour le climat ? Orano poursuivi pour \u00ab publicit\u00e9 mensong\u00e8re \u00bb - TCNA NARBONNE","og_url":"https:\/\/tcnarbonne.org\/index.php\/le-nucleaire-bon-pour-le-climat-orano-poursuivi-pour-publicite-mensongere\/19\/01\/2020\/","og_site_name":"TCNA NARBONNE","article_publisher":"https:\/\/www.facebook.com\/TCNA-Transparence-des-canaux-de-la-Narbonnaise-325260501232600\/","article_published_time":"2020-01-19T09:43:54+00:00","article_modified_time":"2020-02-09T18:13:20+00:00","og_image":[{"width":1004,"height":614,"url":"https:\/\/tcnarbonne.org\/wp-content\/uploads\/2020\/01\/capture_d_e_cran_de_2020-01-15_15-00-56.png","type":"image\/png"}],"author":"tcna","twitter_card":"summary_large_image","twitter_misc":{"\u00c9crit par":"tcna","Dur\u00e9e de lecture estim\u00e9e":"9 minutes"},"schema":{"@context":"https:\/\/schema.org","@graph":[{"@type":"Article","@id":"https:\/\/tcnarbonne.org\/index.php\/le-nucleaire-bon-pour-le-climat-orano-poursuivi-pour-publicite-mensongere\/19\/01\/2020\/#article","isPartOf":{"@id":"https:\/\/tcnarbonne.org\/index.php\/le-nucleaire-bon-pour-le-climat-orano-poursuivi-pour-publicite-mensongere\/19\/01\/2020\/"},"author":{"name":"tcna","@id":"https:\/\/tcnarbonne.org\/#\/schema\/person\/ae9bc097d422ac157832c85b73102503"},"headline":"Le nucl\u00e9aire, bon pour le climat ? Orano poursuivi pour \u00ab publicit\u00e9 mensong\u00e8re \u00bb","datePublished":"2020-01-19T09:43:54+00:00","dateModified":"2020-02-09T18:13:20+00:00","mainEntityOfPage":{"@id":"https:\/\/tcnarbonne.org\/index.php\/le-nucleaire-bon-pour-le-climat-orano-poursuivi-pour-publicite-mensongere\/19\/01\/2020\/"},"wordCount":1793,"publisher":{"@id":"https:\/\/tcnarbonne.org\/#organization"},"keywords":["edf","epr","fukushime","justice","nucleaire","orano","protocole de Kyoto","reporterre","sortir du nucl\u00e9aire","tchernobyl"],"articleSection":["areva-comurhex","climat","commission europ\u00e9enne","criirad","d\u00e9chets nucl\u00e9aires","dossier sp\u00e9cial nucl\u00e9aire occitanie","France","fukushima","grand narbonne","Green deal","industrie nucl\u00e9aire","narbonne","occitanie","orano malvesi","presse","protocole de Kyoto","ressources\/documents"],"inLanguage":"fr-FR"},{"@type":"WebPage","@id":"https:\/\/tcnarbonne.org\/index.php\/le-nucleaire-bon-pour-le-climat-orano-poursuivi-pour-publicite-mensongere\/19\/01\/2020\/","url":"https:\/\/tcnarbonne.org\/index.php\/le-nucleaire-bon-pour-le-climat-orano-poursuivi-pour-publicite-mensongere\/19\/01\/2020\/","name":"Le nucl\u00e9aire, bon pour le climat ? Orano poursuivi pour \u00ab publicit\u00e9 mensong\u00e8re \u00bb - TCNA NARBONNE","isPartOf":{"@id":"https:\/\/tcnarbonne.org\/#website"},"datePublished":"2020-01-19T09:43:54+00:00","dateModified":"2020-02-09T18:13:20+00:00","breadcrumb":{"@id":"https:\/\/tcnarbonne.org\/index.php\/le-nucleaire-bon-pour-le-climat-orano-poursuivi-pour-publicite-mensongere\/19\/01\/2020\/#breadcrumb"},"inLanguage":"fr-FR","potentialAction":[{"@type":"ReadAction","target":["https:\/\/tcnarbonne.org\/index.php\/le-nucleaire-bon-pour-le-climat-orano-poursuivi-pour-publicite-mensongere\/19\/01\/2020\/"]}]},{"@type":"BreadcrumbList","@id":"https:\/\/tcnarbonne.org\/index.php\/le-nucleaire-bon-pour-le-climat-orano-poursuivi-pour-publicite-mensongere\/19\/01\/2020\/#breadcrumb","itemListElement":[{"@type":"ListItem","position":1,"name":"Accueil","item":"https:\/\/tcnarbonne.org\/"},{"@type":"ListItem","position":2,"name":"Le nucl\u00e9aire, bon pour le climat ? Orano poursuivi pour \u00ab publicit\u00e9 mensong\u00e8re \u00bb"}]},{"@type":"WebSite","@id":"https:\/\/tcnarbonne.org\/#website","url":"https:\/\/tcnarbonne.org\/","name":"www.https:\/\/tcnarbonne.org\/","description":"Transparence des canaux de la narbonnaise","publisher":{"@id":"https:\/\/tcnarbonne.org\/#organization"},"potentialAction":[{"@type":"SearchAction","target":{"@type":"EntryPoint","urlTemplate":"https:\/\/tcnarbonne.org\/?s={search_term_string}"},"query-input":"required name=search_term_string"}],"inLanguage":"fr-FR"},{"@type":"Organization","@id":"https:\/\/tcnarbonne.org\/#organization","name":"www.https:\/\/tcnarbonne.org\/","url":"https:\/\/tcnarbonne.org\/","logo":{"@type":"ImageObject","inLanguage":"fr-FR","@id":"https:\/\/tcnarbonne.org\/#\/schema\/logo\/image\/","url":"https:\/\/tcnarbonne.org\/wp-content\/uploads\/2021\/02\/cropped-logo-TCNA-blanc-1-1.png","contentUrl":"https:\/\/tcnarbonne.org\/wp-content\/uploads\/2021\/02\/cropped-logo-TCNA-blanc-1-1.png","width":306,"height":202,"caption":"www.https:\/\/tcnarbonne.org\/"},"image":{"@id":"https:\/\/tcnarbonne.org\/#\/schema\/logo\/image\/"},"sameAs":["https:\/\/www.facebook.com\/TCNA-Transparence-des-canaux-de-la-Narbonnaise-325260501232600\/"]},{"@type":"Person","@id":"https:\/\/tcnarbonne.org\/#\/schema\/person\/ae9bc097d422ac157832c85b73102503","name":"tcna","image":{"@type":"ImageObject","inLanguage":"fr-FR","@id":"https:\/\/tcnarbonne.org\/#\/schema\/person\/image\/","url":"https:\/\/secure.gravatar.com\/avatar\/7ed4bba3d6da4ba63526b5317d6ccf26?s=96&d=mm&r=g","contentUrl":"https:\/\/secure.gravatar.com\/avatar\/7ed4bba3d6da4ba63526b5317d6ccf26?s=96&d=mm&r=g","caption":"tcna"}}]}},"_links":{"self":[{"href":"https:\/\/tcnarbonne.org\/index.php\/wp-json\/wp\/v2\/posts\/3664"}],"collection":[{"href":"https:\/\/tcnarbonne.org\/index.php\/wp-json\/wp\/v2\/posts"}],"about":[{"href":"https:\/\/tcnarbonne.org\/index.php\/wp-json\/wp\/v2\/types\/post"}],"author":[{"embeddable":true,"href":"https:\/\/tcnarbonne.org\/index.php\/wp-json\/wp\/v2\/users\/1"}],"replies":[{"embeddable":true,"href":"https:\/\/tcnarbonne.org\/index.php\/wp-json\/wp\/v2\/comments?post=3664"}],"version-history":[{"count":2,"href":"https:\/\/tcnarbonne.org\/index.php\/wp-json\/wp\/v2\/posts\/3664\/revisions"}],"predecessor-version":[{"id":3667,"href":"https:\/\/tcnarbonne.org\/index.php\/wp-json\/wp\/v2\/posts\/3664\/revisions\/3667"}],"wp:featuredmedia":[{"embeddable":true,"href":"https:\/\/tcnarbonne.org\/index.php\/wp-json\/wp\/v2\/media\/3666"}],"wp:attachment":[{"href":"https:\/\/tcnarbonne.org\/index.php\/wp-json\/wp\/v2\/media?parent=3664"}],"wp:term":[{"taxonomy":"category","embeddable":true,"href":"https:\/\/tcnarbonne.org\/index.php\/wp-json\/wp\/v2\/categories?post=3664"},{"taxonomy":"post_tag","embeddable":true,"href":"https:\/\/tcnarbonne.org\/index.php\/wp-json\/wp\/v2\/tags?post=3664"}],"curies":[{"name":"wp","href":"https:\/\/api.w.org\/{rel}","templated":true}]}}