{"id":3606,"date":"2019-11-18T18:40:50","date_gmt":"2019-11-18T17:40:50","guid":{"rendered":"http:\/\/tcnarbonne.org\/?p=3606"},"modified":"2019-12-18T21:31:29","modified_gmt":"2019-12-18T20:31:29","slug":"orano-malvesi-tcna-sattaque-a-letat-et-appelle-les-narbonnais-a-la-mobilisation","status":"publish","type":"post","link":"https:\/\/tcnarbonne.org\/index.php\/orano-malvesi-tcna-sattaque-a-letat-et-appelle-les-narbonnais-a-la-mobilisation\/18\/11\/2019\/","title":{"rendered":"Orano Malv\u00e9si : TCNA s&#8217;attaque \u00e0 l&#8217;Etat et appelle les Narbonnais \u00e0 la mobilisation"},"content":{"rendered":"\n<div class=\"article-detail-chapeau\"><strong>L&#8217;association appelle les Narbonnais \u00e0 la remobilisation g\u00e9n\u00e9rale contre le projet d&#8217;incin\u00e9rateur d&#8217;Orano. Lors de son assembl\u00e9e g\u00e9n\u00e9rale du 30 novembre, elle&nbsp;pr\u00e9sentera sa nouvelle requ\u00eate contre l&#8217;Etat, entre autres.<\/strong><\/div>\n<div class=\"article-detail-formated-text article-paywall p402_premium\">\n<p>&#8220;<em>On nous impose, des choix qui nous exposent<\/em>&#8220;. La formule n&#8217;est pas sans rappeler une version arrang\u00e9e de la chanson&nbsp;&#8220;<em>Foule sentimentale<\/em>&#8221; d&#8217;Alain Souchon. Celle-ci est de Fabrice Hurtado, le pr\u00e9sident de l&#8217;association&nbsp;TCNA (*). La formule&nbsp;d\u00e9nonce elle aussi une soci\u00e9t\u00e9 malade d&#8217;une communication, ici institutionnelle, qui prendrait le citoyen pour un c&#8230; Sur un sujet bien pr\u00e9cis : le traitement par Orano des d\u00e9chets issus de cette &#8220;<em>porte d&#8217;entr\u00e9e<\/em>&#8221; de&nbsp;la fili\u00e8re \u00e9lectronucl\u00e9aire fran\u00e7aise qu&#8217;est Malv\u00e9si. Et la promesse de ne plus subir de rejets industriels dans l&#8217;environnement, notamment dans le canal du Tauran et de la Robine,&nbsp;gr\u00e2ce \u00e0 un incin\u00e9rateur qui aurait pour vocation de faire &#8220;dispara\u00eetre&#8221; dans l&#8217;atmosph\u00e8re les quantit\u00e9s astronomiques de nitrates accumul\u00e9es depuis un demi-si\u00e8cle dans les bassins jouxtant l&#8217;usine.<\/p>\n<p>&#8220;<em>Le baratin, \u00e7a suffit<\/em>&#8220;, r\u00e9sume Fabrice Hurtado, qui marque ici la d\u00e9fiance de l&#8217;association envers des commissions de surveillance dont elle est par ailleurs exclue. &#8220;<em>Nous, les riverains, on veut savoir comment va le malade<\/em>&#8220;. S&#8217;affichant nullement abattue&nbsp;par la d\u00e9cision du tribunal administratif de valider l&#8217;autorisation pr\u00e9fectorale d\u00e9livr\u00e9e \u00e0 Orano pour construire le fameux incin\u00e9rateur, TCNA revient \u00e0 l&#8217;attaque. Par une autre voie : l&#8217;association vient&nbsp;de d\u00e9poser une requ\u00eate contre le minist\u00e8re de l&#8217;Ecologie pour &#8220;<em>non-communication d&#8217;analyses eau-air-sol&#8221; <\/em>sur le site narbonnais d&#8217;Orano.<\/p>\n<h2 class=\"txt-int\">&#8220;Si on est 20, on arr\u00eate&#8221;<\/h2>\n<p>L&#8217;association rappelle que l&#8217;autorit\u00e9 administrative CADA a donn\u00e9 en avril&nbsp;son feu vert pour qu&#8217;elle puisse recevoir le r\u00e9sultat des milliers d&#8217;analyses effectu\u00e9es sur le site, par l&#8217;industriel ou les autorit\u00e9s de tutelle. <strong>&#8220;<em>Nous avons laiss\u00e9 du temps au minist\u00e8re, mais nous n&#8217;avons pas re\u00e7u la moindre r\u00e9ponse \u00e0 notre demande. L&#8217;\u00c9tat nous fait un bras d&#8217;honneur<\/em>&#8220;,<\/strong> estime Fabrice Hurtado. L&#8217;enjeu est pour l&#8217;association de r\u00e9cup\u00e9rer les donn\u00e9es d&#8217;analyses brutes et de les confier \u00e0 l&#8217;expertise ind\u00e9pendante du <strong>CRIIRAD<\/strong>. Et peut-\u00eatre nourrir ainsi d&#8217;autres recours juridiques&#8230;<\/p>\n<p>Pour les dirigeants de TCNA, l&#8217;heure est \u00e0 la remobilisation, \u00e0 l&#8217;occasion d&#8217;une assembl\u00e9e g\u00e9n\u00e9rale extraordinaire qu&#8217;ils ont convoqu\u00e9e&nbsp;samedi 30 novembre, au Palais du travail, \u00e0 14 heures.<strong> &#8220;<em>Il faut que les Narbonnais se mobilisent s&#8217;ils ne veulent pas \u00eatre un jour les victimes passives d&#8217;un autre AZF<\/em>&#8220;<\/strong>, dit Fabrice Hurtado, faisant r\u00e9f\u00e9rence au t\u00e9lescopage&nbsp;potentiellement explosif du projet d&#8217;incin\u00e9rateur et du dernier projet annonc\u00e9 par Orano \u00e0 Malv\u00e9si&nbsp;: la production de dioxyde d&#8217;uranium, par un proc\u00e9d\u00e9 utilisant de l&#8217;hydrog\u00e8ne. &#8220;<em>Mais si on se retrouve \u00e0 20 dans la salle, on arr\u00eate<\/em>&#8220;.<\/p>\n<footer class=\"txt-note\">\n<p>* Transparence des Canaux de la NArbonnaise<\/p>\n<div class=\"std-frame\">\n<h2 class=\"encart_titre\">La &#8220;biodiversit\u00e9&#8221; de l&#8217;opposition \u00e0 Orano<\/h2>\n<div class=\"encart_texte\">\n<p>Faisant r\u00e9f\u00e9rence \u00e0 l&#8217;invitation de l&#8217;association Rubr\u00e9sus de &#8220;fusionner&#8221; dans une seule action commune contre le projet d&#8217;incin\u00e9rateur, Fabrice Hurtado estime que<strong>&nbsp;&#8220;<em>faire un seul bloc peut \u00eatre n\u00e9faste. &#8220;Col\u00e8re&#8221; et &#8220;Rubr\u00e9sus&#8221; ont leur qualit\u00e9 ; nous avons les n\u00f4tres. Si l&#8217;un perd au tribunal, l&#8217;autre peut gagner&#8230; Il faut de la diversit\u00e9<\/em>&#8220;.<\/strong><\/p>\n<p>Source Originale:<\/p>\n<p>L&#8217;Ind\u00e9pendant :<a href=\"https:\/\/www.lindependant.fr\/2019\/11\/18\/orano-malvesi-tcna-sattaque-a-letat-et-appelle-les-narbonnais-a-la-mobilisation,8548255.php\">https:\/\/www.lindependant.fr\/2019\/11\/18\/orano-malvesi-tcna-sattaque-a-letat-et-appelle-les-narbonnais-a-la-mobilisation,8548255.php<\/a><\/p>\n<\/div>\n<\/div>\n<\/footer><\/div>\n\n\n\n<div class=\"wp-block-image\"><figure class=\"aligncenter size-large\"><a href=\"https:\/\/www.helloasso.com\/associations\/transparence-des-canaux-de-la-narbonnaise\/adhesions\/adhesion-2020-tcna\"><img loading=\"lazy\" decoding=\"async\" width=\"500\" height=\"500\" src=\"http:\/\/tcnarbonne.org\/wp-content\/uploads\/2019\/11\/Adh\u00e9rer.png\" alt=\"\" class=\"wp-image-3610\" srcset=\"https:\/\/tcnarbonne.org\/wp-content\/uploads\/2019\/11\/Adh\u00e9rer.png 500w, https:\/\/tcnarbonne.org\/wp-content\/uploads\/2019\/11\/Adh\u00e9rer-300x300.png 300w, https:\/\/tcnarbonne.org\/wp-content\/uploads\/2019\/11\/Adh\u00e9rer-150x150.png 150w\" sizes=\"(max-width: 500px) 100vw, 500px\" \/><\/a><\/figure><\/div>\n","protected":false},"excerpt":{"rendered":"<p>L&#8217;association appelle les Narbonnais \u00e0 la remobilisation g\u00e9n\u00e9rale contre le projet d&#8217;incin\u00e9rateur d&#8217;Orano. Lors de son assembl\u00e9e g\u00e9n\u00e9rale du 30 novembre, elle&nbsp;pr\u00e9sentera sa nouvelle requ\u00eate contre l&#8217;Etat, entre autres. &#8220;On nous impose, des choix&#8230;<\/p>\n","protected":false},"author":1,"featured_media":3607,"comment_status":"closed","ping_status":"closed","sticky":false,"template":"","format":"standard","meta":{"ngg_post_thumbnail":0,"footnotes":""},"categories":[752,383,398,494,541,55,86,692,6,738,613,4,556],"tags":[],"yoast_head":"<!-- This site is optimized with the Yoast SEO plugin v21.1 - https:\/\/yoast.com\/wordpress\/plugins\/seo\/ -->\n<title>Orano Malv\u00e9si : TCNA s&#039;attaque \u00e0 l&#039;Etat et appelle les Narbonnais \u00e0 la mobilisation - TCNA NARBONNE<\/title>\n<meta name=\"robots\" content=\"index, follow, max-snippet:-1, max-image-preview:large, max-video-preview:-1\" \/>\n<link rel=\"canonical\" href=\"https:\/\/tcnarbonne.org\/index.php\/orano-malvesi-tcna-sattaque-a-letat-et-appelle-les-narbonnais-a-la-mobilisation\/18\/11\/2019\/\" \/>\n<meta property=\"og:locale\" content=\"fr_FR\" \/>\n<meta property=\"og:type\" content=\"article\" \/>\n<meta property=\"og:title\" content=\"Orano Malv\u00e9si : TCNA s&#039;attaque \u00e0 l&#039;Etat et appelle les Narbonnais \u00e0 la mobilisation - TCNA NARBONNE\" \/>\n<meta property=\"og:description\" content=\"L&#8217;association appelle les Narbonnais \u00e0 la remobilisation g\u00e9n\u00e9rale contre le projet d&#8217;incin\u00e9rateur d&#8217;Orano. Lors de son assembl\u00e9e g\u00e9n\u00e9rale du 30 novembre, elle&nbsp;pr\u00e9sentera sa nouvelle requ\u00eate contre l&#8217;Etat, entre autres. &#8220;On nous impose, des choix...\" \/>\n<meta property=\"og:url\" content=\"https:\/\/tcnarbonne.org\/index.php\/orano-malvesi-tcna-sattaque-a-letat-et-appelle-les-narbonnais-a-la-mobilisation\/18\/11\/2019\/\" \/>\n<meta property=\"og:site_name\" content=\"TCNA NARBONNE\" \/>\n<meta property=\"article:publisher\" content=\"https:\/\/www.facebook.com\/TCNA-Transparence-des-canaux-de-la-Narbonnaise-325260501232600\/\" \/>\n<meta property=\"article:published_time\" content=\"2019-11-18T17:40:50+00:00\" \/>\n<meta property=\"article:modified_time\" content=\"2019-12-18T20:31:29+00:00\" \/>\n<meta property=\"og:image\" content=\"https:\/\/tcnarbonne.org\/wp-content\/uploads\/2019\/11\/tcna-novembre.jpg\" \/>\n\t<meta property=\"og:image:width\" content=\"885\" \/>\n\t<meta property=\"og:image:height\" content=\"500\" \/>\n\t<meta property=\"og:image:type\" content=\"image\/jpeg\" \/>\n<meta name=\"author\" content=\"tcna\" \/>\n<meta name=\"twitter:card\" content=\"summary_large_image\" \/>\n<meta name=\"twitter:label1\" content=\"\u00c9crit par\" \/>\n\t<meta name=\"twitter:data1\" content=\"tcna\" \/>\n\t<meta name=\"twitter:label2\" content=\"Dur\u00e9e de lecture estim\u00e9e\" \/>\n\t<meta name=\"twitter:data2\" content=\"3 minutes\" \/>\n<script type=\"application\/ld+json\" class=\"yoast-schema-graph\">{\"@context\":\"https:\/\/schema.org\",\"@graph\":[{\"@type\":\"Article\",\"@id\":\"https:\/\/tcnarbonne.org\/index.php\/orano-malvesi-tcna-sattaque-a-letat-et-appelle-les-narbonnais-a-la-mobilisation\/18\/11\/2019\/#article\",\"isPartOf\":{\"@id\":\"https:\/\/tcnarbonne.org\/index.php\/orano-malvesi-tcna-sattaque-a-letat-et-appelle-les-narbonnais-a-la-mobilisation\/18\/11\/2019\/\"},\"author\":{\"name\":\"tcna\",\"@id\":\"https:\/\/tcnarbonne.org\/#\/schema\/person\/ae9bc097d422ac157832c85b73102503\"},\"headline\":\"Orano Malv\u00e9si : TCNA s&#8217;attaque \u00e0 l&#8217;Etat et appelle les Narbonnais \u00e0 la mobilisation\",\"datePublished\":\"2019-11-18T17:40:50+00:00\",\"dateModified\":\"2019-12-18T20:31:29+00:00\",\"mainEntityOfPage\":{\"@id\":\"https:\/\/tcnarbonne.org\/index.php\/orano-malvesi-tcna-sattaque-a-letat-et-appelle-les-narbonnais-a-la-mobilisation\/18\/11\/2019\/\"},\"wordCount\":574,\"publisher\":{\"@id\":\"https:\/\/tcnarbonne.org\/#organization\"},\"articleSection\":[\"commission europ\u00e9enne\",\"criirad\",\"d\u00e9chets nucl\u00e9aires\",\"dossier sp\u00e9cial nucl\u00e9aire occitanie\",\"hydrog\u00e8ne\",\"ind\u00e9pendant\",\"irsn\",\"Justice\",\"narbonne\",\"occitanie\",\"orano malvesi\",\"ressources\/documents\",\"THOR\/TDN\"],\"inLanguage\":\"fr-FR\"},{\"@type\":\"WebPage\",\"@id\":\"https:\/\/tcnarbonne.org\/index.php\/orano-malvesi-tcna-sattaque-a-letat-et-appelle-les-narbonnais-a-la-mobilisation\/18\/11\/2019\/\",\"url\":\"https:\/\/tcnarbonne.org\/index.php\/orano-malvesi-tcna-sattaque-a-letat-et-appelle-les-narbonnais-a-la-mobilisation\/18\/11\/2019\/\",\"name\":\"Orano Malv\u00e9si : TCNA s'attaque \u00e0 l'Etat et appelle les Narbonnais \u00e0 la mobilisation - TCNA NARBONNE\",\"isPartOf\":{\"@id\":\"https:\/\/tcnarbonne.org\/#website\"},\"datePublished\":\"2019-11-18T17:40:50+00:00\",\"dateModified\":\"2019-12-18T20:31:29+00:00\",\"breadcrumb\":{\"@id\":\"https:\/\/tcnarbonne.org\/index.php\/orano-malvesi-tcna-sattaque-a-letat-et-appelle-les-narbonnais-a-la-mobilisation\/18\/11\/2019\/#breadcrumb\"},\"inLanguage\":\"fr-FR\",\"potentialAction\":[{\"@type\":\"ReadAction\",\"target\":[\"https:\/\/tcnarbonne.org\/index.php\/orano-malvesi-tcna-sattaque-a-letat-et-appelle-les-narbonnais-a-la-mobilisation\/18\/11\/2019\/\"]}]},{\"@type\":\"BreadcrumbList\",\"@id\":\"https:\/\/tcnarbonne.org\/index.php\/orano-malvesi-tcna-sattaque-a-letat-et-appelle-les-narbonnais-a-la-mobilisation\/18\/11\/2019\/#breadcrumb\",\"itemListElement\":[{\"@type\":\"ListItem\",\"position\":1,\"name\":\"Accueil\",\"item\":\"https:\/\/tcnarbonne.org\/\"},{\"@type\":\"ListItem\",\"position\":2,\"name\":\"Orano Malv\u00e9si : TCNA s&#8217;attaque \u00e0 l&#8217;Etat et appelle les Narbonnais \u00e0 la mobilisation\"}]},{\"@type\":\"WebSite\",\"@id\":\"https:\/\/tcnarbonne.org\/#website\",\"url\":\"https:\/\/tcnarbonne.org\/\",\"name\":\"www.https:\/\/tcnarbonne.org\/\",\"description\":\"Transparence des canaux de la narbonnaise\",\"publisher\":{\"@id\":\"https:\/\/tcnarbonne.org\/#organization\"},\"potentialAction\":[{\"@type\":\"SearchAction\",\"target\":{\"@type\":\"EntryPoint\",\"urlTemplate\":\"https:\/\/tcnarbonne.org\/?s={search_term_string}\"},\"query-input\":\"required name=search_term_string\"}],\"inLanguage\":\"fr-FR\"},{\"@type\":\"Organization\",\"@id\":\"https:\/\/tcnarbonne.org\/#organization\",\"name\":\"www.https:\/\/tcnarbonne.org\/\",\"url\":\"https:\/\/tcnarbonne.org\/\",\"logo\":{\"@type\":\"ImageObject\",\"inLanguage\":\"fr-FR\",\"@id\":\"https:\/\/tcnarbonne.org\/#\/schema\/logo\/image\/\",\"url\":\"https:\/\/tcnarbonne.org\/wp-content\/uploads\/2021\/02\/cropped-logo-TCNA-blanc-1-1.png\",\"contentUrl\":\"https:\/\/tcnarbonne.org\/wp-content\/uploads\/2021\/02\/cropped-logo-TCNA-blanc-1-1.png\",\"width\":306,\"height\":202,\"caption\":\"www.https:\/\/tcnarbonne.org\/\"},\"image\":{\"@id\":\"https:\/\/tcnarbonne.org\/#\/schema\/logo\/image\/\"},\"sameAs\":[\"https:\/\/www.facebook.com\/TCNA-Transparence-des-canaux-de-la-Narbonnaise-325260501232600\/\"]},{\"@type\":\"Person\",\"@id\":\"https:\/\/tcnarbonne.org\/#\/schema\/person\/ae9bc097d422ac157832c85b73102503\",\"name\":\"tcna\",\"image\":{\"@type\":\"ImageObject\",\"inLanguage\":\"fr-FR\",\"@id\":\"https:\/\/tcnarbonne.org\/#\/schema\/person\/image\/\",\"url\":\"https:\/\/secure.gravatar.com\/avatar\/7ed4bba3d6da4ba63526b5317d6ccf26?s=96&d=mm&r=g\",\"contentUrl\":\"https:\/\/secure.gravatar.com\/avatar\/7ed4bba3d6da4ba63526b5317d6ccf26?s=96&d=mm&r=g\",\"caption\":\"tcna\"}}]}<\/script>\n<!-- \/ Yoast SEO plugin. -->","yoast_head_json":{"title":"Orano Malv\u00e9si : TCNA s'attaque \u00e0 l'Etat et appelle les Narbonnais \u00e0 la mobilisation - TCNA NARBONNE","robots":{"index":"index","follow":"follow","max-snippet":"max-snippet:-1","max-image-preview":"max-image-preview:large","max-video-preview":"max-video-preview:-1"},"canonical":"https:\/\/tcnarbonne.org\/index.php\/orano-malvesi-tcna-sattaque-a-letat-et-appelle-les-narbonnais-a-la-mobilisation\/18\/11\/2019\/","og_locale":"fr_FR","og_type":"article","og_title":"Orano Malv\u00e9si : TCNA s'attaque \u00e0 l'Etat et appelle les Narbonnais \u00e0 la mobilisation - TCNA NARBONNE","og_description":"L&#8217;association appelle les Narbonnais \u00e0 la remobilisation g\u00e9n\u00e9rale contre le projet d&#8217;incin\u00e9rateur d&#8217;Orano. Lors de son assembl\u00e9e g\u00e9n\u00e9rale du 30 novembre, elle&nbsp;pr\u00e9sentera sa nouvelle requ\u00eate contre l&#8217;Etat, entre autres. &#8220;On nous impose, des choix...","og_url":"https:\/\/tcnarbonne.org\/index.php\/orano-malvesi-tcna-sattaque-a-letat-et-appelle-les-narbonnais-a-la-mobilisation\/18\/11\/2019\/","og_site_name":"TCNA NARBONNE","article_publisher":"https:\/\/www.facebook.com\/TCNA-Transparence-des-canaux-de-la-Narbonnaise-325260501232600\/","article_published_time":"2019-11-18T17:40:50+00:00","article_modified_time":"2019-12-18T20:31:29+00:00","og_image":[{"width":885,"height":500,"url":"https:\/\/tcnarbonne.org\/wp-content\/uploads\/2019\/11\/tcna-novembre.jpg","type":"image\/jpeg"}],"author":"tcna","twitter_card":"summary_large_image","twitter_misc":{"\u00c9crit par":"tcna","Dur\u00e9e de lecture estim\u00e9e":"3 minutes"},"schema":{"@context":"https:\/\/schema.org","@graph":[{"@type":"Article","@id":"https:\/\/tcnarbonne.org\/index.php\/orano-malvesi-tcna-sattaque-a-letat-et-appelle-les-narbonnais-a-la-mobilisation\/18\/11\/2019\/#article","isPartOf":{"@id":"https:\/\/tcnarbonne.org\/index.php\/orano-malvesi-tcna-sattaque-a-letat-et-appelle-les-narbonnais-a-la-mobilisation\/18\/11\/2019\/"},"author":{"name":"tcna","@id":"https:\/\/tcnarbonne.org\/#\/schema\/person\/ae9bc097d422ac157832c85b73102503"},"headline":"Orano Malv\u00e9si : TCNA s&#8217;attaque \u00e0 l&#8217;Etat et appelle les Narbonnais \u00e0 la mobilisation","datePublished":"2019-11-18T17:40:50+00:00","dateModified":"2019-12-18T20:31:29+00:00","mainEntityOfPage":{"@id":"https:\/\/tcnarbonne.org\/index.php\/orano-malvesi-tcna-sattaque-a-letat-et-appelle-les-narbonnais-a-la-mobilisation\/18\/11\/2019\/"},"wordCount":574,"publisher":{"@id":"https:\/\/tcnarbonne.org\/#organization"},"articleSection":["commission europ\u00e9enne","criirad","d\u00e9chets nucl\u00e9aires","dossier sp\u00e9cial nucl\u00e9aire occitanie","hydrog\u00e8ne","ind\u00e9pendant","irsn","Justice","narbonne","occitanie","orano malvesi","ressources\/documents","THOR\/TDN"],"inLanguage":"fr-FR"},{"@type":"WebPage","@id":"https:\/\/tcnarbonne.org\/index.php\/orano-malvesi-tcna-sattaque-a-letat-et-appelle-les-narbonnais-a-la-mobilisation\/18\/11\/2019\/","url":"https:\/\/tcnarbonne.org\/index.php\/orano-malvesi-tcna-sattaque-a-letat-et-appelle-les-narbonnais-a-la-mobilisation\/18\/11\/2019\/","name":"Orano Malv\u00e9si : TCNA s'attaque \u00e0 l'Etat et appelle les Narbonnais \u00e0 la mobilisation - TCNA NARBONNE","isPartOf":{"@id":"https:\/\/tcnarbonne.org\/#website"},"datePublished":"2019-11-18T17:40:50+00:00","dateModified":"2019-12-18T20:31:29+00:00","breadcrumb":{"@id":"https:\/\/tcnarbonne.org\/index.php\/orano-malvesi-tcna-sattaque-a-letat-et-appelle-les-narbonnais-a-la-mobilisation\/18\/11\/2019\/#breadcrumb"},"inLanguage":"fr-FR","potentialAction":[{"@type":"ReadAction","target":["https:\/\/tcnarbonne.org\/index.php\/orano-malvesi-tcna-sattaque-a-letat-et-appelle-les-narbonnais-a-la-mobilisation\/18\/11\/2019\/"]}]},{"@type":"BreadcrumbList","@id":"https:\/\/tcnarbonne.org\/index.php\/orano-malvesi-tcna-sattaque-a-letat-et-appelle-les-narbonnais-a-la-mobilisation\/18\/11\/2019\/#breadcrumb","itemListElement":[{"@type":"ListItem","position":1,"name":"Accueil","item":"https:\/\/tcnarbonne.org\/"},{"@type":"ListItem","position":2,"name":"Orano Malv\u00e9si : TCNA s&#8217;attaque \u00e0 l&#8217;Etat et appelle les Narbonnais \u00e0 la mobilisation"}]},{"@type":"WebSite","@id":"https:\/\/tcnarbonne.org\/#website","url":"https:\/\/tcnarbonne.org\/","name":"www.https:\/\/tcnarbonne.org\/","description":"Transparence des canaux de la narbonnaise","publisher":{"@id":"https:\/\/tcnarbonne.org\/#organization"},"potentialAction":[{"@type":"SearchAction","target":{"@type":"EntryPoint","urlTemplate":"https:\/\/tcnarbonne.org\/?s={search_term_string}"},"query-input":"required name=search_term_string"}],"inLanguage":"fr-FR"},{"@type":"Organization","@id":"https:\/\/tcnarbonne.org\/#organization","name":"www.https:\/\/tcnarbonne.org\/","url":"https:\/\/tcnarbonne.org\/","logo":{"@type":"ImageObject","inLanguage":"fr-FR","@id":"https:\/\/tcnarbonne.org\/#\/schema\/logo\/image\/","url":"https:\/\/tcnarbonne.org\/wp-content\/uploads\/2021\/02\/cropped-logo-TCNA-blanc-1-1.png","contentUrl":"https:\/\/tcnarbonne.org\/wp-content\/uploads\/2021\/02\/cropped-logo-TCNA-blanc-1-1.png","width":306,"height":202,"caption":"www.https:\/\/tcnarbonne.org\/"},"image":{"@id":"https:\/\/tcnarbonne.org\/#\/schema\/logo\/image\/"},"sameAs":["https:\/\/www.facebook.com\/TCNA-Transparence-des-canaux-de-la-Narbonnaise-325260501232600\/"]},{"@type":"Person","@id":"https:\/\/tcnarbonne.org\/#\/schema\/person\/ae9bc097d422ac157832c85b73102503","name":"tcna","image":{"@type":"ImageObject","inLanguage":"fr-FR","@id":"https:\/\/tcnarbonne.org\/#\/schema\/person\/image\/","url":"https:\/\/secure.gravatar.com\/avatar\/7ed4bba3d6da4ba63526b5317d6ccf26?s=96&d=mm&r=g","contentUrl":"https:\/\/secure.gravatar.com\/avatar\/7ed4bba3d6da4ba63526b5317d6ccf26?s=96&d=mm&r=g","caption":"tcna"}}]}},"_links":{"self":[{"href":"https:\/\/tcnarbonne.org\/index.php\/wp-json\/wp\/v2\/posts\/3606"}],"collection":[{"href":"https:\/\/tcnarbonne.org\/index.php\/wp-json\/wp\/v2\/posts"}],"about":[{"href":"https:\/\/tcnarbonne.org\/index.php\/wp-json\/wp\/v2\/types\/post"}],"author":[{"embeddable":true,"href":"https:\/\/tcnarbonne.org\/index.php\/wp-json\/wp\/v2\/users\/1"}],"replies":[{"embeddable":true,"href":"https:\/\/tcnarbonne.org\/index.php\/wp-json\/wp\/v2\/comments?post=3606"}],"version-history":[{"count":3,"href":"https:\/\/tcnarbonne.org\/index.php\/wp-json\/wp\/v2\/posts\/3606\/revisions"}],"predecessor-version":[{"id":3612,"href":"https:\/\/tcnarbonne.org\/index.php\/wp-json\/wp\/v2\/posts\/3606\/revisions\/3612"}],"wp:featuredmedia":[{"embeddable":true,"href":"https:\/\/tcnarbonne.org\/index.php\/wp-json\/wp\/v2\/media\/3607"}],"wp:attachment":[{"href":"https:\/\/tcnarbonne.org\/index.php\/wp-json\/wp\/v2\/media?parent=3606"}],"wp:term":[{"taxonomy":"category","embeddable":true,"href":"https:\/\/tcnarbonne.org\/index.php\/wp-json\/wp\/v2\/categories?post=3606"},{"taxonomy":"post_tag","embeddable":true,"href":"https:\/\/tcnarbonne.org\/index.php\/wp-json\/wp\/v2\/tags?post=3606"}],"curies":[{"name":"wp","href":"https:\/\/api.w.org\/{rel}","templated":true}]}}