{"id":3385,"date":"2019-10-03T17:57:44","date_gmt":"2019-10-03T15:57:44","guid":{"rendered":"http:\/\/tcnarbonne.org\/?p=3385"},"modified":"2019-11-14T21:18:15","modified_gmt":"2019-11-14T20:18:15","slug":"tdn-orano-devant-le-tribunal-administratif-il-y-a-tromperie-selon-lavocat-de-rubresus-et-col-e-r-e","status":"publish","type":"post","link":"https:\/\/tcnarbonne.org\/index.php\/tdn-orano-devant-le-tribunal-administratif-il-y-a-tromperie-selon-lavocat-de-rubresus-et-col-e-r-e\/03\/10\/2019\/","title":{"rendered":"TDN\/Orano devant le tribunal administratif : &#8220;Il y a tromperie&#8221; selon l&#8217;avocat de Rubresus et COL.E.R.E"},"content":{"rendered":"\n<div class=\"article-detail-chapeau\"><strong>Ce mardi matin, devant le tribunal administratif de Montpellier, les avocats des associations TCNA, Rubresus et COL.E.R.E ont point\u00e9 les insuffisances et irr\u00e9gularit\u00e9s de la consultation publique qui a abouti \u00e0 l&#8217;arr\u00eat\u00e9 pr\u00e9fectoral autorisant la construction et l&#8217;exploitation d&#8217;une unit\u00e9 de traitement des d\u00e9chets nitrat\u00e9s de l&#8217;usine d&#8217;Orano \u00e0 Narbonne . Les associations demandent l&#8217;annulation de l&#8217;arr\u00eat\u00e9. Le rapporteur public a conclu au rejet de ces requ\u00eates en annulation.<\/strong><\/div>\n<div class=\"article-detail-formated-text article-paywall p402_premium\">\n<p>Devant une salle d&#8217;audience comble, qui comptait une cinquantaine de sympathisants et de militants des associations TCNA, COL.E.R.E et Rubresus&nbsp;mais aussi de Greenpeace, le tribunal administratif a examin\u00e9 ce mardi matin les requ\u00eates en annulation de l&#8217;arr\u00eat\u00e9 pr\u00e9fectoral autorisant la construction et l&#8217;exploitation d&#8217;une unit\u00e9 de traitement des d\u00e9chets nitrat\u00e9s de l&#8217;usine d&#8217;Orano \u00e0 Malv\u00e9si. Parmi les requ\u00e9rants, les associations Rubresus et COL.E.R.E contestent la l\u00e9galit\u00e9 de cet arr\u00eat\u00e9 en arguant notamment de l&#8217;incomp\u00e9tence du pr\u00e9fet \u00e0 prendre ce genre de d\u00e9cision car il s&#8217;agit d&#8217;une installation nucl\u00e9aire de base et que face au proc\u00e9d\u00e9 choisi, Thor (\u00e9limination des d\u00e9chets liquides par combustion), l&#8217;\u00e9tude d&#8217;impact est insuffisante.&nbsp;L&#8217;association TCNA fait \u00e9tat pour sa part d&#8217;insuffisance sur l&#8217;\u00e9volution \u00e0 pr\u00e9voir de la&nbsp;pollution de l&#8217;air, de l&#8217;eau et du sol. Et elle met en avant la non-conformit\u00e9 de cet arr\u00eat\u00e9 avec le Plan de pr\u00e9vention des risques technologiques et avec la convention de Barcelone qui prot\u00e8ge la mer M\u00e9diterran\u00e9e.<\/p>\n<blockquote>\n<p>Plus c&#8217;est gros, plus \u00e7a passe<\/p>\n<\/blockquote>\n<p><em>&#8220;Des gens vivent \u00e0 proximit\u00e9 de l&#8217;usine de Malv\u00e9si, une usine class\u00e9e Seveso seuil haut, class\u00e9e installation nucl\u00e9aire de base. \u00c0 la lumi\u00e8re de l&#8217;accident de Lubrisol, vous pouvez comprendre l&#8217;inqui\u00e9tude des citoyens. En septembre 2018, un f\u00fbt d&#8217;uranium a explos\u00e9 dans l&#8217;usine&#8221;<\/em>, a rappel\u00e9 M<sup>e <\/sup>Marie-Pierre Ma\u00eetre du barreau de Paris qui repr\u00e9sentait Rubresus et COL.E.R.E. Et elle a \u00e9grain\u00e9 les incoh\u00e9rences comme&nbsp;<em>&nbsp;&#8220;l&#8217;absence d&#8217;ind\u00e9pendance de l&#8217;autorit\u00e9 environnementale, c&#8217;est la m\u00eame personne qui fait l&#8217;instruction et donne l&#8217;autorisation !&#8221;<\/em>. Pour le conseil parisien, <em>&#8220;il y a tromperie&#8221; <\/em>sur la marchandise. <em>&#8220;Si on avait dit aux gens qu&#8217;il s&#8217;agissait d&#8217;un incin\u00e9rateur de d\u00e9chets nucl\u00e9aires, ils se seraient d\u00e9plac\u00e9s en nombre pour l&#8217;enqu\u00eate publique et l&#8217;enqu\u00eateur n&#8217;aurait pas dit que cela n&#8217;a pas int\u00e9ress\u00e9 grand monde. Cela proc\u00e8de de la d\u00e9sinformation.&#8221; <\/em>M<sup>e <\/sup>Arnaud Noury, du barreau de Lille,&nbsp;conseil de l&#8217;association TCNA, s&#8217;est \u00e9tonn\u00e9 de l&#8217;efficacit\u00e9 du filtre au sommet de la chemin\u00e9e pr\u00e9vue. <em>&#8220;Cela retient 99, 9% des poussi\u00e8res ? Plus c&#8217;est gros, plus \u00e7a passe. Et c&#8217;est cela qui remet en cause l&#8217;\u00e9tude d&#8217;impact. Tous les polluants de l&#8217;air ne sont pas pris en compte.&#8221;<\/em><\/p>\n<p>Face \u00e0 eux, Me Souchon a d\u00e9fendu les int\u00e9r\u00eats d&#8217;Orano. <em>&#8220;La consultation publique a \u00e9t\u00e9 exemplaire. Orano a apport\u00e9 des r\u00e9ponses circonstanci\u00e9es. Et dire que le proc\u00e9d\u00e9 Thor est une exp\u00e9rimentation dont on ne conna\u00eet pas bien les cons\u00e9quences est une contrev\u00e9rit\u00e9. Cela a \u00e9t\u00e9 \u00e9tudi\u00e9 avec rigueur. C&#8217;est la solution la plus robuste et la plus efficace qui permettra de produire moins de d\u00e9chets que d&#8217;autres alternatives&nbsp;et qui seront accept\u00e9s par l&#8217;Agence nationale pour les d\u00e9chets radioactifs. Sans compter que l&#8217;ARS, le Coderst, l&#8217;INAO, le SDIS et l&#8217;autorit\u00e9 environnementale se sont prononc\u00e9s favorablement.&#8221;&nbsp;<\/em><\/p>\n<h2 class=\"txt-int\"><em>Un rapporteur &#8220;inf\u00e9od\u00e9&#8221; ?<\/em><\/h2>\n<p>Le rapporteur public, M. Lafay, a balay\u00e9 d&#8217;un revers de code de l&#8217;environnement ou d&#8217;autres dispositions l\u00e9gales, les arguments des partisans de l&#8217;annulation de l&#8217;arr\u00eat\u00e9 pr\u00e9fectoral. Il a indiqu\u00e9 que tout avait \u00e9t\u00e9 r\u00e9alis\u00e9 dans les r\u00e8gles et qu&#8217;il n&#8217;y avait pas de raison de demander une nouvelle enqu\u00eate publique. <em>&#8220;Le caract\u00e8re insuffisant de l&#8217;\u00e9tude d&#8217;impact doit \u00eatre \u00e9cart\u00e9 tout comme l&#8217;incomp\u00e9tence du pr\u00e9fet \u00e0 prendre des arr\u00eat\u00e9s dans ce domaine&#8221;<\/em>, a-t-il indiqu\u00e9. Il a conclu au rejet des requ\u00eates en annulation. Le tribunal administratif rendra sa d\u00e9cision dans 15 jours. Dans la majorit\u00e9 des cas, il suit les conclusions du rapporteur. \u00c0 la sortie de l&#8217;audience, les militants \u00e9taient d\u00e9pit\u00e9s et se demandaient si le rapporteur n&#8217;\u00e9tait pas <em>&#8220;inf\u00e9od\u00e9&#8221;<\/em>.<\/p>\n<div class=\"std-frame\">\n<h2 class=\"encart_titre\">Les arr\u00eat\u00e9s compl\u00e9mentaires et le permis de construire aussi dans le viseur<\/h2>\n<div class=\"encart_texte\">\n<p>Trois autres requ\u00eates en annulation ont \u00e9t\u00e9 d\u00e9battues. Deux concernait des arr\u00eat\u00e9s pr\u00e9fectoraux compl\u00e9mentaires au projet d&#8217;unit\u00e9 de traitement des d\u00e9chets nitrat\u00e9s. Notamment la cr\u00e9ation d&#8217;un nouveau bassin et l&#8217;agrandissement d&#8217;un autre pour accueillir les boues nitrat\u00e9es. Pour les associations COL.E.R.E, Rubresus et TCNA, il s&#8217;agit d&#8217;une modification substantielle du site.<em>&nbsp;&#8220;On a juste un port\u00e9 \u00e0 connaissance alors que c&#8217;est un projet d&#8217;ampleur qui va demander deux ans de travaux titanesques. Cela va avoir un impact imm\u00e9diat et on ne fait pas d&#8217;enqu\u00eate publique ? On ne tient pas compte de la loi sur l&#8217;eau. On ne va pas voir l&#8217;ARS, l&#8217;INAO, la commission locale de l&#8217;eau ?&#8221;<\/em> s&#8217;est interrog\u00e9e M<sup>e <\/sup>Ma\u00eetre.<em> &#8220;Sur le long terme, la gestion des&nbsp;poussi\u00e8res, des eaux fluviales et souterraines sera am\u00e9lior\u00e9e&#8221;<\/em>, a r\u00e9pondu Me Souchon pour Orano.<\/p>\n<p>Une autre requ\u00eate en annulation concernait le&nbsp;permis de construire d\u00e9livr\u00e9 par la Ville de Narbonne le 7 juillet 2016, pour non respect de la loi littoral. Elle est&nbsp;port\u00e9e par Rubresus. <em>&#8220;Le maire a d\u00e9livr\u00e9 le permis sans savoir quel \u00e9tait le projet. Il n&#8217;avait pas d&#8217;\u00e9tude d&#8217;impact. Mais maintenant, il s&#8217;oppose au projet. Il a fait passer une motion en conseil municipal&#8221;<\/em>, a soulign\u00e9 M<sup>e<\/sup> Karine Jaulin du barreau de Narbonne et conseil de Rubresus.<\/p>\n<p>Le rapporteur a conclu aux rejets des ces requ\u00eates.<\/p>\n<p>Source originale: L&#8217;Ind\u00e9pendant<\/p>\n<p>https:\/\/www.lindependant.fr\/2019\/10\/01\/tdnorano-devant-le-tribunal-administratif-il-y-a-tromperie-selon-lavocat-de-rubresus-et-colere,8450885.php<\/p>\n<p>&nbsp;<\/p>\n<\/div>\n<\/div>\n<\/div>\n","protected":false},"excerpt":{"rendered":"<p>Ce mardi matin, devant le tribunal administratif de Montpellier, les avocats des associations TCNA, Rubresus et COL.E.R.E ont point\u00e9 les insuffisances et irr\u00e9gularit\u00e9s de la consultation publique qui a abouti \u00e0 l&#8217;arr\u00eat\u00e9 pr\u00e9fectoral autorisant&#8230;<\/p>\n","protected":false},"author":1,"featured_media":3386,"comment_status":"closed","ping_status":"closed","sticky":false,"template":"","format":"standard","meta":{"ngg_post_thumbnail":0,"footnotes":""},"categories":[5,752,494,86,692,738,613,54,4],"tags":[345,385,779,777,9,614,780,778,510,16],"yoast_head":"<!-- This site is optimized with the Yoast SEO plugin v21.1 - https:\/\/yoast.com\/wordpress\/plugins\/seo\/ -->\n<title>TDN\/Orano devant le tribunal administratif : &quot;Il y a tromperie&quot; selon l&#039;avocat de Rubresus et COL.E.R.E - TCNA NARBONNE<\/title>\n<meta name=\"robots\" content=\"index, follow, max-snippet:-1, max-image-preview:large, max-video-preview:-1\" \/>\n<link rel=\"canonical\" href=\"https:\/\/tcnarbonne.org\/index.php\/tdn-orano-devant-le-tribunal-administratif-il-y-a-tromperie-selon-lavocat-de-rubresus-et-col-e-r-e\/03\/10\/2019\/\" \/>\n<meta property=\"og:locale\" content=\"fr_FR\" \/>\n<meta property=\"og:type\" content=\"article\" \/>\n<meta property=\"og:title\" content=\"TDN\/Orano devant le tribunal administratif : &quot;Il y a tromperie&quot; selon l&#039;avocat de Rubresus et COL.E.R.E - TCNA NARBONNE\" \/>\n<meta property=\"og:description\" content=\"Ce mardi matin, devant le tribunal administratif de Montpellier, les avocats des associations TCNA, Rubresus et COL.E.R.E ont point\u00e9 les insuffisances et irr\u00e9gularit\u00e9s de la consultation publique qui a abouti \u00e0 l&#8217;arr\u00eat\u00e9 pr\u00e9fectoral autorisant...\" \/>\n<meta property=\"og:url\" content=\"https:\/\/tcnarbonne.org\/index.php\/tdn-orano-devant-le-tribunal-administratif-il-y-a-tromperie-selon-lavocat-de-rubresus-et-col-e-r-e\/03\/10\/2019\/\" \/>\n<meta property=\"og:site_name\" content=\"TCNA NARBONNE\" \/>\n<meta property=\"article:publisher\" content=\"https:\/\/www.facebook.com\/TCNA-Transparence-des-canaux-de-la-Narbonnaise-325260501232600\/\" \/>\n<meta property=\"article:published_time\" content=\"2019-10-03T15:57:44+00:00\" \/>\n<meta property=\"article:modified_time\" content=\"2019-11-14T20:18:15+00:00\" \/>\n<meta property=\"og:image\" content=\"https:\/\/tcnarbonne.org\/wp-content\/uploads\/2019\/10\/image-2.jpg\" \/>\n\t<meta property=\"og:image:width\" content=\"1200\" \/>\n\t<meta property=\"og:image:height\" content=\"500\" \/>\n\t<meta property=\"og:image:type\" content=\"image\/jpeg\" \/>\n<meta name=\"author\" content=\"tcna\" \/>\n<meta name=\"twitter:card\" content=\"summary_large_image\" \/>\n<meta name=\"twitter:label1\" content=\"\u00c9crit par\" \/>\n\t<meta name=\"twitter:data1\" content=\"tcna\" \/>\n\t<meta name=\"twitter:label2\" content=\"Dur\u00e9e de lecture estim\u00e9e\" \/>\n\t<meta name=\"twitter:data2\" content=\"5 minutes\" \/>\n<script type=\"application\/ld+json\" class=\"yoast-schema-graph\">{\"@context\":\"https:\/\/schema.org\",\"@graph\":[{\"@type\":\"Article\",\"@id\":\"https:\/\/tcnarbonne.org\/index.php\/tdn-orano-devant-le-tribunal-administratif-il-y-a-tromperie-selon-lavocat-de-rubresus-et-col-e-r-e\/03\/10\/2019\/#article\",\"isPartOf\":{\"@id\":\"https:\/\/tcnarbonne.org\/index.php\/tdn-orano-devant-le-tribunal-administratif-il-y-a-tromperie-selon-lavocat-de-rubresus-et-col-e-r-e\/03\/10\/2019\/\"},\"author\":{\"name\":\"tcna\",\"@id\":\"https:\/\/tcnarbonne.org\/#\/schema\/person\/ae9bc097d422ac157832c85b73102503\"},\"headline\":\"TDN\/Orano devant le tribunal administratif : &#8220;Il y a tromperie&#8221; selon l&#8217;avocat de Rubresus et COL.E.R.E\",\"datePublished\":\"2019-10-03T15:57:44+00:00\",\"dateModified\":\"2019-11-14T20:18:15+00:00\",\"mainEntityOfPage\":{\"@id\":\"https:\/\/tcnarbonne.org\/index.php\/tdn-orano-devant-le-tribunal-administratif-il-y-a-tromperie-selon-lavocat-de-rubresus-et-col-e-r-e\/03\/10\/2019\/\"},\"wordCount\":1022,\"publisher\":{\"@id\":\"https:\/\/tcnarbonne.org\/#organization\"},\"keywords\":[\"colere\",\"d\u00e9chets nucl\u00e9aires\",\"incendie\",\"lubrizol\",\"narbonne\",\"orano malvesi\",\"risques industriels\",\"rouen\",\"rubresus\",\"tcna\"],\"articleSection\":[\"areva-comurhex\",\"commission europ\u00e9enne\",\"dossier sp\u00e9cial nucl\u00e9aire occitanie\",\"irsn\",\"Justice\",\"occitanie\",\"orano malvesi\",\"presse\",\"ressources\/documents\"],\"inLanguage\":\"fr-FR\"},{\"@type\":\"WebPage\",\"@id\":\"https:\/\/tcnarbonne.org\/index.php\/tdn-orano-devant-le-tribunal-administratif-il-y-a-tromperie-selon-lavocat-de-rubresus-et-col-e-r-e\/03\/10\/2019\/\",\"url\":\"https:\/\/tcnarbonne.org\/index.php\/tdn-orano-devant-le-tribunal-administratif-il-y-a-tromperie-selon-lavocat-de-rubresus-et-col-e-r-e\/03\/10\/2019\/\",\"name\":\"TDN\/Orano devant le tribunal administratif : \\\"Il y a tromperie\\\" selon l'avocat de Rubresus et COL.E.R.E - TCNA NARBONNE\",\"isPartOf\":{\"@id\":\"https:\/\/tcnarbonne.org\/#website\"},\"datePublished\":\"2019-10-03T15:57:44+00:00\",\"dateModified\":\"2019-11-14T20:18:15+00:00\",\"breadcrumb\":{\"@id\":\"https:\/\/tcnarbonne.org\/index.php\/tdn-orano-devant-le-tribunal-administratif-il-y-a-tromperie-selon-lavocat-de-rubresus-et-col-e-r-e\/03\/10\/2019\/#breadcrumb\"},\"inLanguage\":\"fr-FR\",\"potentialAction\":[{\"@type\":\"ReadAction\",\"target\":[\"https:\/\/tcnarbonne.org\/index.php\/tdn-orano-devant-le-tribunal-administratif-il-y-a-tromperie-selon-lavocat-de-rubresus-et-col-e-r-e\/03\/10\/2019\/\"]}]},{\"@type\":\"BreadcrumbList\",\"@id\":\"https:\/\/tcnarbonne.org\/index.php\/tdn-orano-devant-le-tribunal-administratif-il-y-a-tromperie-selon-lavocat-de-rubresus-et-col-e-r-e\/03\/10\/2019\/#breadcrumb\",\"itemListElement\":[{\"@type\":\"ListItem\",\"position\":1,\"name\":\"Accueil\",\"item\":\"https:\/\/tcnarbonne.org\/\"},{\"@type\":\"ListItem\",\"position\":2,\"name\":\"TDN\/Orano devant le tribunal administratif : &#8220;Il y a tromperie&#8221; selon l&#8217;avocat de Rubresus et COL.E.R.E\"}]},{\"@type\":\"WebSite\",\"@id\":\"https:\/\/tcnarbonne.org\/#website\",\"url\":\"https:\/\/tcnarbonne.org\/\",\"name\":\"www.https:\/\/tcnarbonne.org\/\",\"description\":\"Transparence des canaux de la narbonnaise\",\"publisher\":{\"@id\":\"https:\/\/tcnarbonne.org\/#organization\"},\"potentialAction\":[{\"@type\":\"SearchAction\",\"target\":{\"@type\":\"EntryPoint\",\"urlTemplate\":\"https:\/\/tcnarbonne.org\/?s={search_term_string}\"},\"query-input\":\"required name=search_term_string\"}],\"inLanguage\":\"fr-FR\"},{\"@type\":\"Organization\",\"@id\":\"https:\/\/tcnarbonne.org\/#organization\",\"name\":\"www.https:\/\/tcnarbonne.org\/\",\"url\":\"https:\/\/tcnarbonne.org\/\",\"logo\":{\"@type\":\"ImageObject\",\"inLanguage\":\"fr-FR\",\"@id\":\"https:\/\/tcnarbonne.org\/#\/schema\/logo\/image\/\",\"url\":\"https:\/\/tcnarbonne.org\/wp-content\/uploads\/2021\/02\/cropped-logo-TCNA-blanc-1-1.png\",\"contentUrl\":\"https:\/\/tcnarbonne.org\/wp-content\/uploads\/2021\/02\/cropped-logo-TCNA-blanc-1-1.png\",\"width\":306,\"height\":202,\"caption\":\"www.https:\/\/tcnarbonne.org\/\"},\"image\":{\"@id\":\"https:\/\/tcnarbonne.org\/#\/schema\/logo\/image\/\"},\"sameAs\":[\"https:\/\/www.facebook.com\/TCNA-Transparence-des-canaux-de-la-Narbonnaise-325260501232600\/\"]},{\"@type\":\"Person\",\"@id\":\"https:\/\/tcnarbonne.org\/#\/schema\/person\/ae9bc097d422ac157832c85b73102503\",\"name\":\"tcna\",\"image\":{\"@type\":\"ImageObject\",\"inLanguage\":\"fr-FR\",\"@id\":\"https:\/\/tcnarbonne.org\/#\/schema\/person\/image\/\",\"url\":\"https:\/\/secure.gravatar.com\/avatar\/7ed4bba3d6da4ba63526b5317d6ccf26?s=96&d=mm&r=g\",\"contentUrl\":\"https:\/\/secure.gravatar.com\/avatar\/7ed4bba3d6da4ba63526b5317d6ccf26?s=96&d=mm&r=g\",\"caption\":\"tcna\"}}]}<\/script>\n<!-- \/ Yoast SEO plugin. -->","yoast_head_json":{"title":"TDN\/Orano devant le tribunal administratif : \"Il y a tromperie\" selon l'avocat de Rubresus et COL.E.R.E - TCNA NARBONNE","robots":{"index":"index","follow":"follow","max-snippet":"max-snippet:-1","max-image-preview":"max-image-preview:large","max-video-preview":"max-video-preview:-1"},"canonical":"https:\/\/tcnarbonne.org\/index.php\/tdn-orano-devant-le-tribunal-administratif-il-y-a-tromperie-selon-lavocat-de-rubresus-et-col-e-r-e\/03\/10\/2019\/","og_locale":"fr_FR","og_type":"article","og_title":"TDN\/Orano devant le tribunal administratif : \"Il y a tromperie\" selon l'avocat de Rubresus et COL.E.R.E - TCNA NARBONNE","og_description":"Ce mardi matin, devant le tribunal administratif de Montpellier, les avocats des associations TCNA, Rubresus et COL.E.R.E ont point\u00e9 les insuffisances et irr\u00e9gularit\u00e9s de la consultation publique qui a abouti \u00e0 l&#8217;arr\u00eat\u00e9 pr\u00e9fectoral autorisant...","og_url":"https:\/\/tcnarbonne.org\/index.php\/tdn-orano-devant-le-tribunal-administratif-il-y-a-tromperie-selon-lavocat-de-rubresus-et-col-e-r-e\/03\/10\/2019\/","og_site_name":"TCNA NARBONNE","article_publisher":"https:\/\/www.facebook.com\/TCNA-Transparence-des-canaux-de-la-Narbonnaise-325260501232600\/","article_published_time":"2019-10-03T15:57:44+00:00","article_modified_time":"2019-11-14T20:18:15+00:00","og_image":[{"width":1200,"height":500,"url":"https:\/\/tcnarbonne.org\/wp-content\/uploads\/2019\/10\/image-2.jpg","type":"image\/jpeg"}],"author":"tcna","twitter_card":"summary_large_image","twitter_misc":{"\u00c9crit par":"tcna","Dur\u00e9e de lecture estim\u00e9e":"5 minutes"},"schema":{"@context":"https:\/\/schema.org","@graph":[{"@type":"Article","@id":"https:\/\/tcnarbonne.org\/index.php\/tdn-orano-devant-le-tribunal-administratif-il-y-a-tromperie-selon-lavocat-de-rubresus-et-col-e-r-e\/03\/10\/2019\/#article","isPartOf":{"@id":"https:\/\/tcnarbonne.org\/index.php\/tdn-orano-devant-le-tribunal-administratif-il-y-a-tromperie-selon-lavocat-de-rubresus-et-col-e-r-e\/03\/10\/2019\/"},"author":{"name":"tcna","@id":"https:\/\/tcnarbonne.org\/#\/schema\/person\/ae9bc097d422ac157832c85b73102503"},"headline":"TDN\/Orano devant le tribunal administratif : &#8220;Il y a tromperie&#8221; selon l&#8217;avocat de Rubresus et COL.E.R.E","datePublished":"2019-10-03T15:57:44+00:00","dateModified":"2019-11-14T20:18:15+00:00","mainEntityOfPage":{"@id":"https:\/\/tcnarbonne.org\/index.php\/tdn-orano-devant-le-tribunal-administratif-il-y-a-tromperie-selon-lavocat-de-rubresus-et-col-e-r-e\/03\/10\/2019\/"},"wordCount":1022,"publisher":{"@id":"https:\/\/tcnarbonne.org\/#organization"},"keywords":["colere","d\u00e9chets nucl\u00e9aires","incendie","lubrizol","narbonne","orano malvesi","risques industriels","rouen","rubresus","tcna"],"articleSection":["areva-comurhex","commission europ\u00e9enne","dossier sp\u00e9cial nucl\u00e9aire occitanie","irsn","Justice","occitanie","orano malvesi","presse","ressources\/documents"],"inLanguage":"fr-FR"},{"@type":"WebPage","@id":"https:\/\/tcnarbonne.org\/index.php\/tdn-orano-devant-le-tribunal-administratif-il-y-a-tromperie-selon-lavocat-de-rubresus-et-col-e-r-e\/03\/10\/2019\/","url":"https:\/\/tcnarbonne.org\/index.php\/tdn-orano-devant-le-tribunal-administratif-il-y-a-tromperie-selon-lavocat-de-rubresus-et-col-e-r-e\/03\/10\/2019\/","name":"TDN\/Orano devant le tribunal administratif : \"Il y a tromperie\" selon l'avocat de Rubresus et COL.E.R.E - TCNA NARBONNE","isPartOf":{"@id":"https:\/\/tcnarbonne.org\/#website"},"datePublished":"2019-10-03T15:57:44+00:00","dateModified":"2019-11-14T20:18:15+00:00","breadcrumb":{"@id":"https:\/\/tcnarbonne.org\/index.php\/tdn-orano-devant-le-tribunal-administratif-il-y-a-tromperie-selon-lavocat-de-rubresus-et-col-e-r-e\/03\/10\/2019\/#breadcrumb"},"inLanguage":"fr-FR","potentialAction":[{"@type":"ReadAction","target":["https:\/\/tcnarbonne.org\/index.php\/tdn-orano-devant-le-tribunal-administratif-il-y-a-tromperie-selon-lavocat-de-rubresus-et-col-e-r-e\/03\/10\/2019\/"]}]},{"@type":"BreadcrumbList","@id":"https:\/\/tcnarbonne.org\/index.php\/tdn-orano-devant-le-tribunal-administratif-il-y-a-tromperie-selon-lavocat-de-rubresus-et-col-e-r-e\/03\/10\/2019\/#breadcrumb","itemListElement":[{"@type":"ListItem","position":1,"name":"Accueil","item":"https:\/\/tcnarbonne.org\/"},{"@type":"ListItem","position":2,"name":"TDN\/Orano devant le tribunal administratif : &#8220;Il y a tromperie&#8221; selon l&#8217;avocat de Rubresus et COL.E.R.E"}]},{"@type":"WebSite","@id":"https:\/\/tcnarbonne.org\/#website","url":"https:\/\/tcnarbonne.org\/","name":"www.https:\/\/tcnarbonne.org\/","description":"Transparence des canaux de la narbonnaise","publisher":{"@id":"https:\/\/tcnarbonne.org\/#organization"},"potentialAction":[{"@type":"SearchAction","target":{"@type":"EntryPoint","urlTemplate":"https:\/\/tcnarbonne.org\/?s={search_term_string}"},"query-input":"required name=search_term_string"}],"inLanguage":"fr-FR"},{"@type":"Organization","@id":"https:\/\/tcnarbonne.org\/#organization","name":"www.https:\/\/tcnarbonne.org\/","url":"https:\/\/tcnarbonne.org\/","logo":{"@type":"ImageObject","inLanguage":"fr-FR","@id":"https:\/\/tcnarbonne.org\/#\/schema\/logo\/image\/","url":"https:\/\/tcnarbonne.org\/wp-content\/uploads\/2021\/02\/cropped-logo-TCNA-blanc-1-1.png","contentUrl":"https:\/\/tcnarbonne.org\/wp-content\/uploads\/2021\/02\/cropped-logo-TCNA-blanc-1-1.png","width":306,"height":202,"caption":"www.https:\/\/tcnarbonne.org\/"},"image":{"@id":"https:\/\/tcnarbonne.org\/#\/schema\/logo\/image\/"},"sameAs":["https:\/\/www.facebook.com\/TCNA-Transparence-des-canaux-de-la-Narbonnaise-325260501232600\/"]},{"@type":"Person","@id":"https:\/\/tcnarbonne.org\/#\/schema\/person\/ae9bc097d422ac157832c85b73102503","name":"tcna","image":{"@type":"ImageObject","inLanguage":"fr-FR","@id":"https:\/\/tcnarbonne.org\/#\/schema\/person\/image\/","url":"https:\/\/secure.gravatar.com\/avatar\/7ed4bba3d6da4ba63526b5317d6ccf26?s=96&d=mm&r=g","contentUrl":"https:\/\/secure.gravatar.com\/avatar\/7ed4bba3d6da4ba63526b5317d6ccf26?s=96&d=mm&r=g","caption":"tcna"}}]}},"_links":{"self":[{"href":"https:\/\/tcnarbonne.org\/index.php\/wp-json\/wp\/v2\/posts\/3385"}],"collection":[{"href":"https:\/\/tcnarbonne.org\/index.php\/wp-json\/wp\/v2\/posts"}],"about":[{"href":"https:\/\/tcnarbonne.org\/index.php\/wp-json\/wp\/v2\/types\/post"}],"author":[{"embeddable":true,"href":"https:\/\/tcnarbonne.org\/index.php\/wp-json\/wp\/v2\/users\/1"}],"replies":[{"embeddable":true,"href":"https:\/\/tcnarbonne.org\/index.php\/wp-json\/wp\/v2\/comments?post=3385"}],"version-history":[{"count":2,"href":"https:\/\/tcnarbonne.org\/index.php\/wp-json\/wp\/v2\/posts\/3385\/revisions"}],"predecessor-version":[{"id":3388,"href":"https:\/\/tcnarbonne.org\/index.php\/wp-json\/wp\/v2\/posts\/3385\/revisions\/3388"}],"wp:featuredmedia":[{"embeddable":true,"href":"https:\/\/tcnarbonne.org\/index.php\/wp-json\/wp\/v2\/media\/3386"}],"wp:attachment":[{"href":"https:\/\/tcnarbonne.org\/index.php\/wp-json\/wp\/v2\/media?parent=3385"}],"wp:term":[{"taxonomy":"category","embeddable":true,"href":"https:\/\/tcnarbonne.org\/index.php\/wp-json\/wp\/v2\/categories?post=3385"},{"taxonomy":"post_tag","embeddable":true,"href":"https:\/\/tcnarbonne.org\/index.php\/wp-json\/wp\/v2\/tags?post=3385"}],"curies":[{"name":"wp","href":"https:\/\/api.w.org\/{rel}","templated":true}]}}