{"id":2859,"date":"2019-01-20T14:03:10","date_gmt":"2019-01-20T13:03:10","guid":{"rendered":"http:\/\/tcnarbonne.org\/?p=2859"},"modified":"2019-01-20T14:06:07","modified_gmt":"2019-01-20T13:06:07","slug":"assemblee-generale-2019","status":"publish","type":"post","link":"https:\/\/tcnarbonne.org\/index.php\/assemblee-generale-2019\/20\/01\/2019\/","title":{"rendered":"Assembl\u00e9e G\u00e9n\u00e9rale 2019"},"content":{"rendered":"\n<div class=\"wp-block-image\">\n<figure class=\"aligncenter\"><img loading=\"lazy\" decoding=\"async\" width=\"190\" height=\"122\" class=\"wp-image-2256 aligncenter\" src=\"http:\/\/tcnarbonne.org\/wp-content\/uploads\/2017\/12\/new_logo_tcna_small.png\" alt=\"\"><\/figure>\n<\/div>\n\n\n<h1 style=\"text-align: center;\">Mardi 22 Janvier 2019 de 18h \u00e0 20h<\/h1>\n<h3>Salle Elie Sermet au palais du travail de Narbonne<\/h3>\n<h3>ASSEMBL\u00c9E G\u00c9N\u00c9RALE en pr\u00e9sence de notre avocat Ma\u00eetre Noury Arnauld avec lequel les participants pourront \u00e9changer<\/h3>\n<h3><strong>Pour y assister les adh\u00e9rents doivent \u00eatre \u00e0 jour de leur cotisation 2019 et \u00eatre munis d&#8217;une pi\u00e8ce d&#8217;identit\u00e9 (si n\u00e9cessaire, mise \u00e0 jour possible avant le d\u00e9but de la r\u00e9union)<\/strong><\/h3>\n<p>&nbsp;<\/p>","protected":false},"excerpt":{"rendered":"<p>Mardi 22 Janvier 2019 de 18h \u00e0 20h Salle Elie Sermet au palais du travail de Narbonne ASSEMBL\u00c9E G\u00c9N\u00c9RALE en pr\u00e9sence de notre avocat Ma\u00eetre Noury Arnauld avec lequel les participants pourront \u00e9changer Pour&#8230;<\/p>\n","protected":false},"author":1,"featured_media":2353,"comment_status":"closed","ping_status":"closed","sticky":false,"template":"","format":"standard","meta":{"ngg_post_thumbnail":0,"footnotes":""},"categories":[5,622,632,398,458,584,166,55,86,63,6,613,118,556,7],"tags":[],"yoast_head":"<!-- This site is optimized with the Yoast SEO plugin v21.1 - https:\/\/yoast.com\/wordpress\/plugins\/seo\/ -->\n<title>Assembl\u00e9e G\u00e9n\u00e9rale 2019 - TCNA NARBONNE<\/title>\n<meta name=\"robots\" content=\"index, follow, max-snippet:-1, max-image-preview:large, max-video-preview:-1\" \/>\n<link rel=\"canonical\" href=\"https:\/\/tcnarbonne.org\/index.php\/assemblee-generale-2019\/20\/01\/2019\/\" \/>\n<meta property=\"og:locale\" content=\"fr_FR\" \/>\n<meta property=\"og:type\" content=\"article\" \/>\n<meta property=\"og:title\" content=\"Assembl\u00e9e G\u00e9n\u00e9rale 2019 - TCNA NARBONNE\" \/>\n<meta property=\"og:description\" content=\"Mardi 22 Janvier 2019 de 18h \u00e0 20h Salle Elie Sermet au palais du travail de Narbonne ASSEMBL\u00c9E G\u00c9N\u00c9RALE en pr\u00e9sence de notre avocat Ma\u00eetre Noury Arnauld avec lequel les participants pourront \u00e9changer Pour...\" \/>\n<meta property=\"og:url\" content=\"https:\/\/tcnarbonne.org\/index.php\/assemblee-generale-2019\/20\/01\/2019\/\" \/>\n<meta property=\"og:site_name\" content=\"TCNA NARBONNE\" \/>\n<meta property=\"article:publisher\" content=\"https:\/\/www.facebook.com\/TCNA-Transparence-des-canaux-de-la-Narbonnaise-325260501232600\/\" \/>\n<meta property=\"article:published_time\" content=\"2019-01-20T13:03:10+00:00\" \/>\n<meta property=\"article:modified_time\" content=\"2019-01-20T13:06:07+00:00\" \/>\n<meta property=\"og:image\" content=\"https:\/\/tcnarbonne.org\/wp-content\/uploads\/2018\/03\/tcna-logo-1.png\" \/>\n\t<meta property=\"og:image:width\" content=\"267\" \/>\n\t<meta property=\"og:image:height\" content=\"267\" \/>\n\t<meta property=\"og:image:type\" content=\"image\/png\" \/>\n<meta name=\"author\" content=\"tcna\" \/>\n<meta name=\"twitter:card\" content=\"summary_large_image\" \/>\n<meta name=\"twitter:label1\" content=\"\u00c9crit par\" \/>\n\t<meta name=\"twitter:data1\" content=\"tcna\" \/>\n<script type=\"application\/ld+json\" class=\"yoast-schema-graph\">{\"@context\":\"https:\/\/schema.org\",\"@graph\":[{\"@type\":\"Article\",\"@id\":\"https:\/\/tcnarbonne.org\/index.php\/assemblee-generale-2019\/20\/01\/2019\/#article\",\"isPartOf\":{\"@id\":\"https:\/\/tcnarbonne.org\/index.php\/assemblee-generale-2019\/20\/01\/2019\/\"},\"author\":{\"name\":\"tcna\",\"@id\":\"https:\/\/tcnarbonne.org\/#\/schema\/person\/ae9bc097d422ac157832c85b73102503\"},\"headline\":\"Assembl\u00e9e G\u00e9n\u00e9rale 2019\",\"datePublished\":\"2019-01-20T13:03:10+00:00\",\"dateModified\":\"2019-01-20T13:06:07+00:00\",\"mainEntityOfPage\":{\"@id\":\"https:\/\/tcnarbonne.org\/index.php\/assemblee-generale-2019\/20\/01\/2019\/\"},\"wordCount\":74,\"publisher\":{\"@id\":\"https:\/\/tcnarbonne.org\/#organization\"},\"articleSection\":[\"areva-comurhex\",\"cagnotte\",\"covidem\",\"d\u00e9chets nucl\u00e9aires\",\"familles papillon\",\"France3\",\"grand narbonne\",\"ind\u00e9pendant\",\"irsn\",\"midi libre\",\"narbonne\",\"orano malvesi\",\"sant\u00e9\",\"THOR\/TDN\",\"uranium\"],\"inLanguage\":\"fr-FR\"},{\"@type\":\"WebPage\",\"@id\":\"https:\/\/tcnarbonne.org\/index.php\/assemblee-generale-2019\/20\/01\/2019\/\",\"url\":\"https:\/\/tcnarbonne.org\/index.php\/assemblee-generale-2019\/20\/01\/2019\/\",\"name\":\"Assembl\u00e9e G\u00e9n\u00e9rale 2019 - TCNA NARBONNE\",\"isPartOf\":{\"@id\":\"https:\/\/tcnarbonne.org\/#website\"},\"datePublished\":\"2019-01-20T13:03:10+00:00\",\"dateModified\":\"2019-01-20T13:06:07+00:00\",\"breadcrumb\":{\"@id\":\"https:\/\/tcnarbonne.org\/index.php\/assemblee-generale-2019\/20\/01\/2019\/#breadcrumb\"},\"inLanguage\":\"fr-FR\",\"potentialAction\":[{\"@type\":\"ReadAction\",\"target\":[\"https:\/\/tcnarbonne.org\/index.php\/assemblee-generale-2019\/20\/01\/2019\/\"]}]},{\"@type\":\"BreadcrumbList\",\"@id\":\"https:\/\/tcnarbonne.org\/index.php\/assemblee-generale-2019\/20\/01\/2019\/#breadcrumb\",\"itemListElement\":[{\"@type\":\"ListItem\",\"position\":1,\"name\":\"Accueil\",\"item\":\"https:\/\/tcnarbonne.org\/\"},{\"@type\":\"ListItem\",\"position\":2,\"name\":\"Assembl\u00e9e G\u00e9n\u00e9rale 2019\"}]},{\"@type\":\"WebSite\",\"@id\":\"https:\/\/tcnarbonne.org\/#website\",\"url\":\"https:\/\/tcnarbonne.org\/\",\"name\":\"www.https:\/\/tcnarbonne.org\/\",\"description\":\"Transparence des canaux de la narbonnaise\",\"publisher\":{\"@id\":\"https:\/\/tcnarbonne.org\/#organization\"},\"potentialAction\":[{\"@type\":\"SearchAction\",\"target\":{\"@type\":\"EntryPoint\",\"urlTemplate\":\"https:\/\/tcnarbonne.org\/?s={search_term_string}\"},\"query-input\":\"required name=search_term_string\"}],\"inLanguage\":\"fr-FR\"},{\"@type\":\"Organization\",\"@id\":\"https:\/\/tcnarbonne.org\/#organization\",\"name\":\"www.https:\/\/tcnarbonne.org\/\",\"url\":\"https:\/\/tcnarbonne.org\/\",\"logo\":{\"@type\":\"ImageObject\",\"inLanguage\":\"fr-FR\",\"@id\":\"https:\/\/tcnarbonne.org\/#\/schema\/logo\/image\/\",\"url\":\"https:\/\/tcnarbonne.org\/wp-content\/uploads\/2021\/02\/cropped-logo-TCNA-blanc-1-1.png\",\"contentUrl\":\"https:\/\/tcnarbonne.org\/wp-content\/uploads\/2021\/02\/cropped-logo-TCNA-blanc-1-1.png\",\"width\":306,\"height\":202,\"caption\":\"www.https:\/\/tcnarbonne.org\/\"},\"image\":{\"@id\":\"https:\/\/tcnarbonne.org\/#\/schema\/logo\/image\/\"},\"sameAs\":[\"https:\/\/www.facebook.com\/TCNA-Transparence-des-canaux-de-la-Narbonnaise-325260501232600\/\"]},{\"@type\":\"Person\",\"@id\":\"https:\/\/tcnarbonne.org\/#\/schema\/person\/ae9bc097d422ac157832c85b73102503\",\"name\":\"tcna\",\"image\":{\"@type\":\"ImageObject\",\"inLanguage\":\"fr-FR\",\"@id\":\"https:\/\/tcnarbonne.org\/#\/schema\/person\/image\/\",\"url\":\"https:\/\/secure.gravatar.com\/avatar\/7ed4bba3d6da4ba63526b5317d6ccf26?s=96&d=mm&r=g\",\"contentUrl\":\"https:\/\/secure.gravatar.com\/avatar\/7ed4bba3d6da4ba63526b5317d6ccf26?s=96&d=mm&r=g\",\"caption\":\"tcna\"}}]}<\/script>\n<!-- \/ Yoast SEO plugin. -->","yoast_head_json":{"title":"Assembl\u00e9e G\u00e9n\u00e9rale 2019 - TCNA NARBONNE","robots":{"index":"index","follow":"follow","max-snippet":"max-snippet:-1","max-image-preview":"max-image-preview:large","max-video-preview":"max-video-preview:-1"},"canonical":"https:\/\/tcnarbonne.org\/index.php\/assemblee-generale-2019\/20\/01\/2019\/","og_locale":"fr_FR","og_type":"article","og_title":"Assembl\u00e9e G\u00e9n\u00e9rale 2019 - TCNA NARBONNE","og_description":"Mardi 22 Janvier 2019 de 18h \u00e0 20h Salle Elie Sermet au palais du travail de Narbonne ASSEMBL\u00c9E G\u00c9N\u00c9RALE en pr\u00e9sence de notre avocat Ma\u00eetre Noury Arnauld avec lequel les participants pourront \u00e9changer Pour...","og_url":"https:\/\/tcnarbonne.org\/index.php\/assemblee-generale-2019\/20\/01\/2019\/","og_site_name":"TCNA NARBONNE","article_publisher":"https:\/\/www.facebook.com\/TCNA-Transparence-des-canaux-de-la-Narbonnaise-325260501232600\/","article_published_time":"2019-01-20T13:03:10+00:00","article_modified_time":"2019-01-20T13:06:07+00:00","og_image":[{"width":267,"height":267,"url":"https:\/\/tcnarbonne.org\/wp-content\/uploads\/2018\/03\/tcna-logo-1.png","type":"image\/png"}],"author":"tcna","twitter_card":"summary_large_image","twitter_misc":{"\u00c9crit par":"tcna"},"schema":{"@context":"https:\/\/schema.org","@graph":[{"@type":"Article","@id":"https:\/\/tcnarbonne.org\/index.php\/assemblee-generale-2019\/20\/01\/2019\/#article","isPartOf":{"@id":"https:\/\/tcnarbonne.org\/index.php\/assemblee-generale-2019\/20\/01\/2019\/"},"author":{"name":"tcna","@id":"https:\/\/tcnarbonne.org\/#\/schema\/person\/ae9bc097d422ac157832c85b73102503"},"headline":"Assembl\u00e9e G\u00e9n\u00e9rale 2019","datePublished":"2019-01-20T13:03:10+00:00","dateModified":"2019-01-20T13:06:07+00:00","mainEntityOfPage":{"@id":"https:\/\/tcnarbonne.org\/index.php\/assemblee-generale-2019\/20\/01\/2019\/"},"wordCount":74,"publisher":{"@id":"https:\/\/tcnarbonne.org\/#organization"},"articleSection":["areva-comurhex","cagnotte","covidem","d\u00e9chets nucl\u00e9aires","familles papillon","France3","grand narbonne","ind\u00e9pendant","irsn","midi libre","narbonne","orano malvesi","sant\u00e9","THOR\/TDN","uranium"],"inLanguage":"fr-FR"},{"@type":"WebPage","@id":"https:\/\/tcnarbonne.org\/index.php\/assemblee-generale-2019\/20\/01\/2019\/","url":"https:\/\/tcnarbonne.org\/index.php\/assemblee-generale-2019\/20\/01\/2019\/","name":"Assembl\u00e9e G\u00e9n\u00e9rale 2019 - TCNA NARBONNE","isPartOf":{"@id":"https:\/\/tcnarbonne.org\/#website"},"datePublished":"2019-01-20T13:03:10+00:00","dateModified":"2019-01-20T13:06:07+00:00","breadcrumb":{"@id":"https:\/\/tcnarbonne.org\/index.php\/assemblee-generale-2019\/20\/01\/2019\/#breadcrumb"},"inLanguage":"fr-FR","potentialAction":[{"@type":"ReadAction","target":["https:\/\/tcnarbonne.org\/index.php\/assemblee-generale-2019\/20\/01\/2019\/"]}]},{"@type":"BreadcrumbList","@id":"https:\/\/tcnarbonne.org\/index.php\/assemblee-generale-2019\/20\/01\/2019\/#breadcrumb","itemListElement":[{"@type":"ListItem","position":1,"name":"Accueil","item":"https:\/\/tcnarbonne.org\/"},{"@type":"ListItem","position":2,"name":"Assembl\u00e9e G\u00e9n\u00e9rale 2019"}]},{"@type":"WebSite","@id":"https:\/\/tcnarbonne.org\/#website","url":"https:\/\/tcnarbonne.org\/","name":"www.https:\/\/tcnarbonne.org\/","description":"Transparence des canaux de la narbonnaise","publisher":{"@id":"https:\/\/tcnarbonne.org\/#organization"},"potentialAction":[{"@type":"SearchAction","target":{"@type":"EntryPoint","urlTemplate":"https:\/\/tcnarbonne.org\/?s={search_term_string}"},"query-input":"required name=search_term_string"}],"inLanguage":"fr-FR"},{"@type":"Organization","@id":"https:\/\/tcnarbonne.org\/#organization","name":"www.https:\/\/tcnarbonne.org\/","url":"https:\/\/tcnarbonne.org\/","logo":{"@type":"ImageObject","inLanguage":"fr-FR","@id":"https:\/\/tcnarbonne.org\/#\/schema\/logo\/image\/","url":"https:\/\/tcnarbonne.org\/wp-content\/uploads\/2021\/02\/cropped-logo-TCNA-blanc-1-1.png","contentUrl":"https:\/\/tcnarbonne.org\/wp-content\/uploads\/2021\/02\/cropped-logo-TCNA-blanc-1-1.png","width":306,"height":202,"caption":"www.https:\/\/tcnarbonne.org\/"},"image":{"@id":"https:\/\/tcnarbonne.org\/#\/schema\/logo\/image\/"},"sameAs":["https:\/\/www.facebook.com\/TCNA-Transparence-des-canaux-de-la-Narbonnaise-325260501232600\/"]},{"@type":"Person","@id":"https:\/\/tcnarbonne.org\/#\/schema\/person\/ae9bc097d422ac157832c85b73102503","name":"tcna","image":{"@type":"ImageObject","inLanguage":"fr-FR","@id":"https:\/\/tcnarbonne.org\/#\/schema\/person\/image\/","url":"https:\/\/secure.gravatar.com\/avatar\/7ed4bba3d6da4ba63526b5317d6ccf26?s=96&d=mm&r=g","contentUrl":"https:\/\/secure.gravatar.com\/avatar\/7ed4bba3d6da4ba63526b5317d6ccf26?s=96&d=mm&r=g","caption":"tcna"}}]}},"_links":{"self":[{"href":"https:\/\/tcnarbonne.org\/index.php\/wp-json\/wp\/v2\/posts\/2859"}],"collection":[{"href":"https:\/\/tcnarbonne.org\/index.php\/wp-json\/wp\/v2\/posts"}],"about":[{"href":"https:\/\/tcnarbonne.org\/index.php\/wp-json\/wp\/v2\/types\/post"}],"author":[{"embeddable":true,"href":"https:\/\/tcnarbonne.org\/index.php\/wp-json\/wp\/v2\/users\/1"}],"replies":[{"embeddable":true,"href":"https:\/\/tcnarbonne.org\/index.php\/wp-json\/wp\/v2\/comments?post=2859"}],"version-history":[{"count":2,"href":"https:\/\/tcnarbonne.org\/index.php\/wp-json\/wp\/v2\/posts\/2859\/revisions"}],"predecessor-version":[{"id":2861,"href":"https:\/\/tcnarbonne.org\/index.php\/wp-json\/wp\/v2\/posts\/2859\/revisions\/2861"}],"wp:featuredmedia":[{"embeddable":true,"href":"https:\/\/tcnarbonne.org\/index.php\/wp-json\/wp\/v2\/media\/2353"}],"wp:attachment":[{"href":"https:\/\/tcnarbonne.org\/index.php\/wp-json\/wp\/v2\/media?parent=2859"}],"wp:term":[{"taxonomy":"category","embeddable":true,"href":"https:\/\/tcnarbonne.org\/index.php\/wp-json\/wp\/v2\/categories?post=2859"},{"taxonomy":"post_tag","embeddable":true,"href":"https:\/\/tcnarbonne.org\/index.php\/wp-json\/wp\/v2\/tags?post=2859"}],"curies":[{"name":"wp","href":"https:\/\/api.w.org\/{rel}","templated":true}]}}