{"id":2433,"date":"2018-06-06T19:06:34","date_gmt":"2018-06-06T17:06:34","guid":{"rendered":"http:\/\/tcnarbonne.org\/?p=2433"},"modified":"2018-06-06T19:30:49","modified_gmt":"2018-06-06T17:30:49","slug":"grand-sud-fm-fabrice-hurtado-president-de-lass-tcna-transparence-des-canaux-de-la-narbonnaise","status":"publish","type":"post","link":"https:\/\/tcnarbonne.org\/index.php\/grand-sud-fm-fabrice-hurtado-president-de-lass-tcna-transparence-des-canaux-de-la-narbonnaise\/06\/06\/2018\/","title":{"rendered":"GRAND SUD FM Fabrice HURTADO, Pr\u00e9sident de TCNA ( Transparence des canaux de la Narbonnaise )"},"content":{"rendered":"<p>Fabrice HURTADO, pr\u00e9sident de TCNA ( Transparence des canaux de la Narbonnaise )<\/p>\n<p><img loading=\"lazy\" decoding=\"async\" class=\"alignleft size-full wp-image-2434\" src=\"http:\/\/tcnarbonne.org\/wp-content\/uploads\/2018\/06\/Hurtado-Fabrice_2juin18.jpg\" alt=\"\" width=\"1200\" height=\"1006\" srcset=\"https:\/\/tcnarbonne.org\/wp-content\/uploads\/2018\/06\/Hurtado-Fabrice_2juin18.jpg 1200w, https:\/\/tcnarbonne.org\/wp-content\/uploads\/2018\/06\/Hurtado-Fabrice_2juin18-300x252.jpg 300w, https:\/\/tcnarbonne.org\/wp-content\/uploads\/2018\/06\/Hurtado-Fabrice_2juin18-768x644.jpg 768w, https:\/\/tcnarbonne.org\/wp-content\/uploads\/2018\/06\/Hurtado-Fabrice_2juin18-1024x858.jpg 1024w, https:\/\/tcnarbonne.org\/wp-content\/uploads\/2018\/06\/Hurtado-Fabrice_2juin18-600x503.jpg 600w\" sizes=\"(max-width: 1200px) 100vw, 1200px\" \/><\/p>\n<p>&nbsp;<\/p>\n<p style=\"text-align: center;\"><span style=\"font-size: 18pt;\"><a href=\"https:\/\/www.grandsudfm.com\/wp-content\/uploads\/2018\/06\/TCNA.mp3\">ECOUTER L&#8217;INTERVIEW EN REPLAY<\/a><\/span><\/p>\n<p>&nbsp;<\/p>\n<p>http:\/\/tcnarbonne.org\/index.php\/2017\/10\/29\/zoom-sur-une-thematique-dossier-special-usa\/<\/p>\n","protected":false},"excerpt":{"rendered":"<p>Fabrice HURTADO, pr\u00e9sident de TCNA ( Transparence des canaux de la Narbonnaise ) &nbsp; ECOUTER L&#8217;INTERVIEW EN REPLAY &nbsp; http:\/\/tcnarbonne.org\/index.php\/2017\/10\/29\/zoom-sur-une-thematique-dossier-special-usa\/<\/p>\n","protected":false},"author":1,"featured_media":2434,"comment_status":"closed","ping_status":"closed","sticky":false,"template":"","format":"standard","meta":{"ngg_post_thumbnail":0,"footnotes":""},"categories":[452,56,5,87,78,57,632,383,398,86,6,609,613,4,556,127,7],"tags":[43,20,644,643,642,9,58,610,614,328,329,51],"yoast_head":"<!-- This site is optimized with the Yoast SEO plugin v21.1 - https:\/\/yoast.com\/wordpress\/plugins\/seo\/ -->\n<title>GRAND SUD FM Fabrice HURTADO, Pr\u00e9sident de TCNA ( Transparence des canaux de la Narbonnaise ) - TCNA NARBONNE<\/title>\n<meta name=\"robots\" content=\"index, follow, max-snippet:-1, max-image-preview:large, max-video-preview:-1\" \/>\n<link rel=\"canonical\" href=\"https:\/\/tcnarbonne.org\/index.php\/grand-sud-fm-fabrice-hurtado-president-de-lass-tcna-transparence-des-canaux-de-la-narbonnaise\/06\/06\/2018\/\" \/>\n<meta property=\"og:locale\" content=\"fr_FR\" \/>\n<meta property=\"og:type\" content=\"article\" \/>\n<meta property=\"og:title\" content=\"GRAND SUD FM Fabrice HURTADO, Pr\u00e9sident de TCNA ( Transparence des canaux de la Narbonnaise ) - TCNA NARBONNE\" \/>\n<meta property=\"og:description\" content=\"Fabrice HURTADO, pr\u00e9sident de TCNA ( Transparence des canaux de la Narbonnaise ) &nbsp; ECOUTER L&#8217;INTERVIEW EN REPLAY &nbsp; http:\/\/tcnarbonne.org\/index.php\/2017\/10\/29\/zoom-sur-une-thematique-dossier-special-usa\/\" \/>\n<meta property=\"og:url\" content=\"https:\/\/tcnarbonne.org\/index.php\/grand-sud-fm-fabrice-hurtado-president-de-lass-tcna-transparence-des-canaux-de-la-narbonnaise\/06\/06\/2018\/\" \/>\n<meta property=\"og:site_name\" content=\"TCNA NARBONNE\" \/>\n<meta property=\"article:publisher\" content=\"https:\/\/www.facebook.com\/TCNA-Transparence-des-canaux-de-la-Narbonnaise-325260501232600\/\" \/>\n<meta property=\"article:published_time\" content=\"2018-06-06T17:06:34+00:00\" \/>\n<meta property=\"article:modified_time\" content=\"2018-06-06T17:30:49+00:00\" \/>\n<meta property=\"og:image\" content=\"https:\/\/tcnarbonne.org\/wp-content\/uploads\/2018\/06\/Hurtado-Fabrice_2juin18.jpg\" \/>\n\t<meta property=\"og:image:width\" content=\"1200\" \/>\n\t<meta property=\"og:image:height\" content=\"1006\" \/>\n\t<meta property=\"og:image:type\" content=\"image\/jpeg\" \/>\n<meta name=\"author\" content=\"tcna\" \/>\n<meta name=\"twitter:card\" content=\"summary_large_image\" \/>\n<meta name=\"twitter:label1\" content=\"\u00c9crit par\" \/>\n\t<meta name=\"twitter:data1\" content=\"tcna\" \/>\n<script type=\"application\/ld+json\" class=\"yoast-schema-graph\">{\"@context\":\"https:\/\/schema.org\",\"@graph\":[{\"@type\":\"Article\",\"@id\":\"https:\/\/tcnarbonne.org\/index.php\/grand-sud-fm-fabrice-hurtado-president-de-lass-tcna-transparence-des-canaux-de-la-narbonnaise\/06\/06\/2018\/#article\",\"isPartOf\":{\"@id\":\"https:\/\/tcnarbonne.org\/index.php\/grand-sud-fm-fabrice-hurtado-president-de-lass-tcna-transparence-des-canaux-de-la-narbonnaise\/06\/06\/2018\/\"},\"author\":{\"name\":\"tcna\",\"@id\":\"https:\/\/tcnarbonne.org\/#\/schema\/person\/ae9bc097d422ac157832c85b73102503\"},\"headline\":\"GRAND SUD FM Fabrice HURTADO, Pr\u00e9sident de TCNA ( Transparence des canaux de la Narbonnaise )\",\"datePublished\":\"2018-06-06T17:06:34+00:00\",\"dateModified\":\"2018-06-06T17:30:49+00:00\",\"mainEntityOfPage\":{\"@id\":\"https:\/\/tcnarbonne.org\/index.php\/grand-sud-fm-fabrice-hurtado-president-de-lass-tcna-transparence-des-canaux-de-la-narbonnaise\/06\/06\/2018\/\"},\"wordCount\":39,\"publisher\":{\"@id\":\"https:\/\/tcnarbonne.org\/#organization\"},\"keywords\":[\"areva\",\"aude\",\"grand sud fm\",\"hurtado\",\"idaho falls\",\"narbonne\",\"nucleaire\",\"orano\",\"orano malvesi\",\"tdn\",\"thor\",\"yellow cake\"],\"articleSection\":[\"activit\u00e9 alpha\",\"areva\",\"areva-comurhex\",\"asn\",\"aude\",\"comurhex\",\"covidem\",\"criirad\",\"d\u00e9chets nucl\u00e9aires\",\"irsn\",\"narbonne\",\"orano\",\"orano malvesi\",\"ressources\/documents\",\"THOR\/TDN\",\"uf4\",\"uranium\"],\"inLanguage\":\"fr-FR\"},{\"@type\":\"WebPage\",\"@id\":\"https:\/\/tcnarbonne.org\/index.php\/grand-sud-fm-fabrice-hurtado-president-de-lass-tcna-transparence-des-canaux-de-la-narbonnaise\/06\/06\/2018\/\",\"url\":\"https:\/\/tcnarbonne.org\/index.php\/grand-sud-fm-fabrice-hurtado-president-de-lass-tcna-transparence-des-canaux-de-la-narbonnaise\/06\/06\/2018\/\",\"name\":\"GRAND SUD FM Fabrice HURTADO, Pr\u00e9sident de TCNA ( Transparence des canaux de la Narbonnaise ) - TCNA NARBONNE\",\"isPartOf\":{\"@id\":\"https:\/\/tcnarbonne.org\/#website\"},\"datePublished\":\"2018-06-06T17:06:34+00:00\",\"dateModified\":\"2018-06-06T17:30:49+00:00\",\"breadcrumb\":{\"@id\":\"https:\/\/tcnarbonne.org\/index.php\/grand-sud-fm-fabrice-hurtado-president-de-lass-tcna-transparence-des-canaux-de-la-narbonnaise\/06\/06\/2018\/#breadcrumb\"},\"inLanguage\":\"fr-FR\",\"potentialAction\":[{\"@type\":\"ReadAction\",\"target\":[\"https:\/\/tcnarbonne.org\/index.php\/grand-sud-fm-fabrice-hurtado-president-de-lass-tcna-transparence-des-canaux-de-la-narbonnaise\/06\/06\/2018\/\"]}]},{\"@type\":\"BreadcrumbList\",\"@id\":\"https:\/\/tcnarbonne.org\/index.php\/grand-sud-fm-fabrice-hurtado-president-de-lass-tcna-transparence-des-canaux-de-la-narbonnaise\/06\/06\/2018\/#breadcrumb\",\"itemListElement\":[{\"@type\":\"ListItem\",\"position\":1,\"name\":\"Accueil\",\"item\":\"https:\/\/tcnarbonne.org\/\"},{\"@type\":\"ListItem\",\"position\":2,\"name\":\"GRAND SUD FM Fabrice HURTADO, Pr\u00e9sident de TCNA ( Transparence des canaux de la Narbonnaise )\"}]},{\"@type\":\"WebSite\",\"@id\":\"https:\/\/tcnarbonne.org\/#website\",\"url\":\"https:\/\/tcnarbonne.org\/\",\"name\":\"www.https:\/\/tcnarbonne.org\/\",\"description\":\"Transparence des canaux de la narbonnaise\",\"publisher\":{\"@id\":\"https:\/\/tcnarbonne.org\/#organization\"},\"potentialAction\":[{\"@type\":\"SearchAction\",\"target\":{\"@type\":\"EntryPoint\",\"urlTemplate\":\"https:\/\/tcnarbonne.org\/?s={search_term_string}\"},\"query-input\":\"required name=search_term_string\"}],\"inLanguage\":\"fr-FR\"},{\"@type\":\"Organization\",\"@id\":\"https:\/\/tcnarbonne.org\/#organization\",\"name\":\"www.https:\/\/tcnarbonne.org\/\",\"url\":\"https:\/\/tcnarbonne.org\/\",\"logo\":{\"@type\":\"ImageObject\",\"inLanguage\":\"fr-FR\",\"@id\":\"https:\/\/tcnarbonne.org\/#\/schema\/logo\/image\/\",\"url\":\"https:\/\/tcnarbonne.org\/wp-content\/uploads\/2021\/02\/cropped-logo-TCNA-blanc-1-1.png\",\"contentUrl\":\"https:\/\/tcnarbonne.org\/wp-content\/uploads\/2021\/02\/cropped-logo-TCNA-blanc-1-1.png\",\"width\":306,\"height\":202,\"caption\":\"www.https:\/\/tcnarbonne.org\/\"},\"image\":{\"@id\":\"https:\/\/tcnarbonne.org\/#\/schema\/logo\/image\/\"},\"sameAs\":[\"https:\/\/www.facebook.com\/TCNA-Transparence-des-canaux-de-la-Narbonnaise-325260501232600\/\"]},{\"@type\":\"Person\",\"@id\":\"https:\/\/tcnarbonne.org\/#\/schema\/person\/ae9bc097d422ac157832c85b73102503\",\"name\":\"tcna\",\"image\":{\"@type\":\"ImageObject\",\"inLanguage\":\"fr-FR\",\"@id\":\"https:\/\/tcnarbonne.org\/#\/schema\/person\/image\/\",\"url\":\"https:\/\/secure.gravatar.com\/avatar\/7ed4bba3d6da4ba63526b5317d6ccf26?s=96&d=mm&r=g\",\"contentUrl\":\"https:\/\/secure.gravatar.com\/avatar\/7ed4bba3d6da4ba63526b5317d6ccf26?s=96&d=mm&r=g\",\"caption\":\"tcna\"}}]}<\/script>\n<!-- \/ Yoast SEO plugin. -->","yoast_head_json":{"title":"GRAND SUD FM Fabrice HURTADO, Pr\u00e9sident de TCNA ( Transparence des canaux de la Narbonnaise ) - TCNA NARBONNE","robots":{"index":"index","follow":"follow","max-snippet":"max-snippet:-1","max-image-preview":"max-image-preview:large","max-video-preview":"max-video-preview:-1"},"canonical":"https:\/\/tcnarbonne.org\/index.php\/grand-sud-fm-fabrice-hurtado-president-de-lass-tcna-transparence-des-canaux-de-la-narbonnaise\/06\/06\/2018\/","og_locale":"fr_FR","og_type":"article","og_title":"GRAND SUD FM Fabrice HURTADO, Pr\u00e9sident de TCNA ( Transparence des canaux de la Narbonnaise ) - TCNA NARBONNE","og_description":"Fabrice HURTADO, pr\u00e9sident de TCNA ( Transparence des canaux de la Narbonnaise ) &nbsp; ECOUTER L&#8217;INTERVIEW EN REPLAY &nbsp; http:\/\/tcnarbonne.org\/index.php\/2017\/10\/29\/zoom-sur-une-thematique-dossier-special-usa\/","og_url":"https:\/\/tcnarbonne.org\/index.php\/grand-sud-fm-fabrice-hurtado-president-de-lass-tcna-transparence-des-canaux-de-la-narbonnaise\/06\/06\/2018\/","og_site_name":"TCNA NARBONNE","article_publisher":"https:\/\/www.facebook.com\/TCNA-Transparence-des-canaux-de-la-Narbonnaise-325260501232600\/","article_published_time":"2018-06-06T17:06:34+00:00","article_modified_time":"2018-06-06T17:30:49+00:00","og_image":[{"width":1200,"height":1006,"url":"https:\/\/tcnarbonne.org\/wp-content\/uploads\/2018\/06\/Hurtado-Fabrice_2juin18.jpg","type":"image\/jpeg"}],"author":"tcna","twitter_card":"summary_large_image","twitter_misc":{"\u00c9crit par":"tcna"},"schema":{"@context":"https:\/\/schema.org","@graph":[{"@type":"Article","@id":"https:\/\/tcnarbonne.org\/index.php\/grand-sud-fm-fabrice-hurtado-president-de-lass-tcna-transparence-des-canaux-de-la-narbonnaise\/06\/06\/2018\/#article","isPartOf":{"@id":"https:\/\/tcnarbonne.org\/index.php\/grand-sud-fm-fabrice-hurtado-president-de-lass-tcna-transparence-des-canaux-de-la-narbonnaise\/06\/06\/2018\/"},"author":{"name":"tcna","@id":"https:\/\/tcnarbonne.org\/#\/schema\/person\/ae9bc097d422ac157832c85b73102503"},"headline":"GRAND SUD FM Fabrice HURTADO, Pr\u00e9sident de TCNA ( Transparence des canaux de la Narbonnaise )","datePublished":"2018-06-06T17:06:34+00:00","dateModified":"2018-06-06T17:30:49+00:00","mainEntityOfPage":{"@id":"https:\/\/tcnarbonne.org\/index.php\/grand-sud-fm-fabrice-hurtado-president-de-lass-tcna-transparence-des-canaux-de-la-narbonnaise\/06\/06\/2018\/"},"wordCount":39,"publisher":{"@id":"https:\/\/tcnarbonne.org\/#organization"},"keywords":["areva","aude","grand sud fm","hurtado","idaho falls","narbonne","nucleaire","orano","orano malvesi","tdn","thor","yellow cake"],"articleSection":["activit\u00e9 alpha","areva","areva-comurhex","asn","aude","comurhex","covidem","criirad","d\u00e9chets nucl\u00e9aires","irsn","narbonne","orano","orano malvesi","ressources\/documents","THOR\/TDN","uf4","uranium"],"inLanguage":"fr-FR"},{"@type":"WebPage","@id":"https:\/\/tcnarbonne.org\/index.php\/grand-sud-fm-fabrice-hurtado-president-de-lass-tcna-transparence-des-canaux-de-la-narbonnaise\/06\/06\/2018\/","url":"https:\/\/tcnarbonne.org\/index.php\/grand-sud-fm-fabrice-hurtado-president-de-lass-tcna-transparence-des-canaux-de-la-narbonnaise\/06\/06\/2018\/","name":"GRAND SUD FM Fabrice HURTADO, Pr\u00e9sident de TCNA ( Transparence des canaux de la Narbonnaise ) - TCNA NARBONNE","isPartOf":{"@id":"https:\/\/tcnarbonne.org\/#website"},"datePublished":"2018-06-06T17:06:34+00:00","dateModified":"2018-06-06T17:30:49+00:00","breadcrumb":{"@id":"https:\/\/tcnarbonne.org\/index.php\/grand-sud-fm-fabrice-hurtado-president-de-lass-tcna-transparence-des-canaux-de-la-narbonnaise\/06\/06\/2018\/#breadcrumb"},"inLanguage":"fr-FR","potentialAction":[{"@type":"ReadAction","target":["https:\/\/tcnarbonne.org\/index.php\/grand-sud-fm-fabrice-hurtado-president-de-lass-tcna-transparence-des-canaux-de-la-narbonnaise\/06\/06\/2018\/"]}]},{"@type":"BreadcrumbList","@id":"https:\/\/tcnarbonne.org\/index.php\/grand-sud-fm-fabrice-hurtado-president-de-lass-tcna-transparence-des-canaux-de-la-narbonnaise\/06\/06\/2018\/#breadcrumb","itemListElement":[{"@type":"ListItem","position":1,"name":"Accueil","item":"https:\/\/tcnarbonne.org\/"},{"@type":"ListItem","position":2,"name":"GRAND SUD FM Fabrice HURTADO, Pr\u00e9sident de TCNA ( Transparence des canaux de la Narbonnaise )"}]},{"@type":"WebSite","@id":"https:\/\/tcnarbonne.org\/#website","url":"https:\/\/tcnarbonne.org\/","name":"www.https:\/\/tcnarbonne.org\/","description":"Transparence des canaux de la narbonnaise","publisher":{"@id":"https:\/\/tcnarbonne.org\/#organization"},"potentialAction":[{"@type":"SearchAction","target":{"@type":"EntryPoint","urlTemplate":"https:\/\/tcnarbonne.org\/?s={search_term_string}"},"query-input":"required name=search_term_string"}],"inLanguage":"fr-FR"},{"@type":"Organization","@id":"https:\/\/tcnarbonne.org\/#organization","name":"www.https:\/\/tcnarbonne.org\/","url":"https:\/\/tcnarbonne.org\/","logo":{"@type":"ImageObject","inLanguage":"fr-FR","@id":"https:\/\/tcnarbonne.org\/#\/schema\/logo\/image\/","url":"https:\/\/tcnarbonne.org\/wp-content\/uploads\/2021\/02\/cropped-logo-TCNA-blanc-1-1.png","contentUrl":"https:\/\/tcnarbonne.org\/wp-content\/uploads\/2021\/02\/cropped-logo-TCNA-blanc-1-1.png","width":306,"height":202,"caption":"www.https:\/\/tcnarbonne.org\/"},"image":{"@id":"https:\/\/tcnarbonne.org\/#\/schema\/logo\/image\/"},"sameAs":["https:\/\/www.facebook.com\/TCNA-Transparence-des-canaux-de-la-Narbonnaise-325260501232600\/"]},{"@type":"Person","@id":"https:\/\/tcnarbonne.org\/#\/schema\/person\/ae9bc097d422ac157832c85b73102503","name":"tcna","image":{"@type":"ImageObject","inLanguage":"fr-FR","@id":"https:\/\/tcnarbonne.org\/#\/schema\/person\/image\/","url":"https:\/\/secure.gravatar.com\/avatar\/7ed4bba3d6da4ba63526b5317d6ccf26?s=96&d=mm&r=g","contentUrl":"https:\/\/secure.gravatar.com\/avatar\/7ed4bba3d6da4ba63526b5317d6ccf26?s=96&d=mm&r=g","caption":"tcna"}}]}},"_links":{"self":[{"href":"https:\/\/tcnarbonne.org\/index.php\/wp-json\/wp\/v2\/posts\/2433"}],"collection":[{"href":"https:\/\/tcnarbonne.org\/index.php\/wp-json\/wp\/v2\/posts"}],"about":[{"href":"https:\/\/tcnarbonne.org\/index.php\/wp-json\/wp\/v2\/types\/post"}],"author":[{"embeddable":true,"href":"https:\/\/tcnarbonne.org\/index.php\/wp-json\/wp\/v2\/users\/1"}],"replies":[{"embeddable":true,"href":"https:\/\/tcnarbonne.org\/index.php\/wp-json\/wp\/v2\/comments?post=2433"}],"version-history":[{"count":8,"href":"https:\/\/tcnarbonne.org\/index.php\/wp-json\/wp\/v2\/posts\/2433\/revisions"}],"predecessor-version":[{"id":2444,"href":"https:\/\/tcnarbonne.org\/index.php\/wp-json\/wp\/v2\/posts\/2433\/revisions\/2444"}],"wp:featuredmedia":[{"embeddable":true,"href":"https:\/\/tcnarbonne.org\/index.php\/wp-json\/wp\/v2\/media\/2434"}],"wp:attachment":[{"href":"https:\/\/tcnarbonne.org\/index.php\/wp-json\/wp\/v2\/media?parent=2433"}],"wp:term":[{"taxonomy":"category","embeddable":true,"href":"https:\/\/tcnarbonne.org\/index.php\/wp-json\/wp\/v2\/categories?post=2433"},{"taxonomy":"post_tag","embeddable":true,"href":"https:\/\/tcnarbonne.org\/index.php\/wp-json\/wp\/v2\/tags?post=2433"}],"curies":[{"name":"wp","href":"https:\/\/api.w.org\/{rel}","templated":true}]}}